{"id":42406,"date":"2026-09-01T16:52:46","date_gmt":"2026-09-01T22:52:46","guid":{"rendered":"https:\/\/iglesiadelourdes.com\/?p=42406"},"modified":"2026-09-01T16:52:46","modified_gmt":"2026-09-01T22:52:46","slug":"6-de-setiembre-del-2026","status":"publish","type":"post","link":"https:\/\/iglesiadelourdes.com\/index.php\/2026\/09\/01\/6-de-setiembre-del-2026\/","title":{"rendered":"6 de setiembre del 2026"},"content":{"rendered":"<h2>Primera lectura<\/h2>\n<h3>Lectura de la profec\u00eda de Ezequiel 33, 7-9<\/h3>\n<p>&nbsp;<\/p>\n<p>Esto dice el Se\u00f1or:<br \/>\n\u00abA ti, hijo de hombre, te he puesto de centinela en la casa de Israel; cuando escuches una palabra de mi boca, les advertir\u00e1s de mi parte.<br \/>\nSi yo digo al malvado: \u201cMalvado, eres reo de muerte\u201d, pero t\u00fa no hablas para advertir al malvado que cambie de conducta, \u00e9l es un malvado y morir\u00e1 por su culpa, pero a ti te pedir\u00e9 cuenta de su sangre.<br \/>\nPero si t\u00fa adviertes al malvado que cambie de conducta, y no lo hace, \u00e9l morir\u00e1 por su culpa, pero t\u00fa habr\u00e1s salvado la vida\u00bb.<\/p>\n<p>&nbsp;<\/p>\n<h2>Salmo<\/h2>\n<h3>Salmo 94, 1-2. 6-7. 8-9 R\/. Ojal\u00e1 escuch\u00e9is hoy la voz del Se\u00f1or: \u00abNo endurezc\u00e1is vuestro coraz\u00f3n\u00bb.<\/h3>\n<p>&nbsp;<\/p>\n<p>Venid, aclamemos al Se\u00f1or,<br \/>\ndemos v\u00edtores a la Roca que nos salva;<br \/>\nentremos a su presencia d\u00e1ndole gracias,<br \/>\naclam\u00e1ndolo con cantos. R\/.<\/p>\n<p>Entrad, postr\u00e9monos por tierra,<br \/>\nbendiciendo al Se\u00f1or, creador nuestro.<br \/>\nPorque \u00e9l es nuestro Dios,<br \/>\ny nosotros su pueblo,<br \/>\nel reba\u00f1o que \u00e9l gu\u00eda. R\/.<\/p>\n<p>Ojal\u00e1 escuch\u00e9is hoy su voz:<br \/>\n\u00abNo endurezc\u00e1is el coraz\u00f3n como en Merib\u00e1,<br \/>\ncomo el d\u00eda de Mas\u00e1 en el desierto;<br \/>\ncuando vuestros padres me pusieron a prueba<br \/>\ny me tentaron, aunque hab\u00edan visto mis obras\u00bb. R\/.<\/p>\n<p>&nbsp;<\/p>\n<h2>Segunda lectura<\/h2>\n<h3>Lectura de la carta del ap\u00f3stol san Pablo a los Romanos 13, 8-10<\/h3>\n<p>&nbsp;<\/p>\n<p>A nadie le deb\u00e1is nada, m\u00e1s que el amor mutuo; porque el que ama ha cumplido el resto de la ley. De hecho, el \u00abno cometer\u00e1s adulterio, no matar\u00e1s, no robar\u00e1s, no codiciar\u00e1s\u00bb, y cualquiera de los otros mandamientos, se resume en esto:<br \/>\n\u00abAmar\u00e1s a tu pr\u00f3jimo como a ti mismo\u00bb.<\/p>\n<p>El amor no hace mal a su pr\u00f3jimo; por eso la plenitud de la ley es el amor.<\/p>\n<p>&nbsp;<\/p>\n<div class=\"row pred_video cinto-whats\">\n<div class=\"col-xs-12 col-md-4\">\n<h3 class=\"no-margin\">Reciba el Evangelio con el comentario de cada d\u00eda en su WhatsApp<\/h3>\n<\/div>\n<div class=\"col-xs-12 col-md-4 col-lg-5\">\n<p class=\"no-margin\">Haga click en\u00a0<strong>\u00abSuscribirme\u00bb<\/strong>\u00a0desde su m\u00f3vil y luego pulse el bot\u00f3n\u00a0<strong>\u00abSeguir\u00bb<\/strong>\u00a0en su WhatsApp.<span class=\"visible-lg-inline\"><\/p>\n<p>Active el\u00a0<strong>icono de la campana<\/strong>\u00a0para que su tel\u00e9fono le avise de las novedades.<\/span><\/p>\n<\/div>\n<div class=\"col-xs-12 col-md-4 col-lg-3\">\n<p class=\"text-center suscripcion margin-15\">\n<\/div>\n<\/div>\n<h2>Evangelio del d\u00eda<\/h2>\n<h3>Lectura del santo evangelio seg\u00fan san Mateo 18, 15-20<\/h3>\n<p>&nbsp;<\/p>\n<p>En aquel tiempo, dijo Jes\u00fas a sus disc\u00edpulos:<br \/>\n\u00abSi tu hermano peca contra ti, repr\u00e9ndelo estando los dos a solas. Si te hace caso, has salvado a tu hermano.<\/p>\n<p>Si no te hace caso, llama a otro o a otros dos, para que todo el asunto quede confirmado por boca de dos o tres testigos. Si no les hace caso, d\u00edselo a la comunidad, y si no hace caso ni siquiera a la comunidad, consid\u00e9ralo como un pagano o un publicano.<\/p>\n<p>En verdad os digo que todo lo que at\u00e9is en la tierra quedar\u00e1 atado en los cielos, y todo lo que desat\u00e9is en la tierra quedar\u00e1 desatado en los cielos.<\/p>\n<p>Os digo, adem\u00e1s, que si dos de vosotros se ponen de acuerdo en la tierra para pedir algo, se lo dar\u00e1 mi Padre que est\u00e1 en los cielos. Porque donde dos o tres est\u00e1n reunidos en mi nombre, all\u00ed estoy yo en medio de ellos\u00bb.<\/p>\n<p class=\"PDq2pG_selectionAnchorContainer\" data-start=\"0\" data-end=\"25\">Gloria a ti, Se\u00f1or Jes\u00fas.<\/p>\n<h3 data-start=\"27\" data-end=\"36\">Reflexi\u00f3n<\/h3>\n<p data-start=\"38\" data-end=\"369\">En el Evangelio seg\u00fan san Mateo, cap\u00edtulo 18, vers\u00edculos 15 al 20, Jes\u00fas habla de algo que suele costarnos mucho: corregir al hermano sin destruirlo. Si alguien falla, la primera indicaci\u00f3n es clara: hablar con \u00e9l a solas. No exhibirlo, no convertir su error en conversaci\u00f3n p\u00fablica, no buscar aliados antes de buscar una soluci\u00f3n.<\/p>\n<p data-start=\"371\" data-end=\"685\">Eso golpea de frente una costumbre bastante extendida. A veces decimos que queremos corregir, pero en realidad queremos dejar al otro en evidencia. Contamos el problema a medio mundo antes de hablar con la persona implicada. Jes\u00fas propone exactamente lo contrario: primero el encuentro directo, discreto y sincero.<\/p>\n<p data-start=\"687\" data-end=\"972\">La correcci\u00f3n fraterna tampoco significa mirar hacia otro lado. El Evangelio no dice que todo deba tolerarse para evitar conflictos. Hay situaciones que deben se\u00f1alarse. Callar ante una conducta da\u00f1ina puede parecer prudencia, pero tambi\u00e9n puede convertirse en cobard\u00eda o indiferencia.<\/p>\n<p data-start=\"974\" data-end=\"1260\">El objetivo aparece en una frase decisiva: \u201chas salvado a tu hermano\u201d. No se trata de ganar una discusi\u00f3n. Se trata de recuperar a una persona. Si despu\u00e9s de corregir sentimos satisfacci\u00f3n porque el otro qued\u00f3 humillado, probablemente entendimos muy poco de lo que Jes\u00fas est\u00e1 ense\u00f1ando.<\/p>\n<p data-start=\"1262\" data-end=\"1503\">El Papa Francisco record\u00f3 que la correcci\u00f3n entre cristianos debe hacerse con caridad, verdad y humildad, evitando el placer de condenar. Corregir desde la superioridad casi siempre termina levantando m\u00e1s muros que los que pretende derribar.<\/p>\n<p data-start=\"1505\" data-end=\"1776\">Jes\u00fas tambi\u00e9n introduce a la comunidad cuando el di\u00e1logo personal no funciona. Eso muestra que hay problemas que no pueden resolverse \u00fanicamente entre dos personas. Pero incluso entonces, el prop\u00f3sito sigue siendo buscar la reconciliaci\u00f3n, no organizar un juicio p\u00fablico.<\/p>\n<p data-start=\"1778\" data-end=\"2081\">Al final aparece una de las promesas m\u00e1s conocidas: \u201cdonde dos o tres est\u00e1n reunidos en mi nombre, all\u00ed estoy yo en medio de ellos\u201d. Pero reunirse en nombre de Jes\u00fas exige algo m\u00e1s que estar juntos f\u00edsicamente. Significa buscar la verdad, la justicia y la reconciliaci\u00f3n con el mismo esp\u00edritu de Cristo.<\/p>\n<p data-start=\"2083\" data-end=\"2380\">Este Evangelio nos deja una medida bastante clara: antes de hablar del error de alguien, deber\u00edamos preguntarnos si ya tuvimos el valor de hablar con esa persona. Porque hablar a sus espaldas es f\u00e1cil. Mirarla a los ojos, decir la verdad con respeto y buscar recuperarla exige mucho m\u00e1s Evangelio.<\/p>\n<p data-start=\"2382\" data-end=\"2417\" data-is-last-node=\"\" data-is-only-node=\"\">Que Dios les bendiga y les proteja.<\/p>\n<p data-start=\"2778\" data-end=\"2800\" data-is-last-node=\"\" data-is-only-node=\"\">\n","protected":false},"excerpt":{"rendered":"<p>Primera lectura Lectura de la profec\u00eda de Ezequiel 33, 7-9 &nbsp; Esto dice el Se\u00f1or: \u00abA ti, hijo de hombre, te he puesto de centinela en la casa de Israel;&#8230;<\/p>\n","protected":false},"author":4,"featured_media":42407,"comment_status":"open","ping_status":"open","sticky":false,"template":"","format":"standard","meta":{"_acf_changed":false,"give_campaign_id":0,"footnotes":""},"categories":[69],"tags":[],"class_list":["post-42406","post","type-post","status-publish","format-standard","has-post-thumbnail","hentry","category-evangeliodiario"],"acf":[],"_links":{"self":[{"href":"https:\/\/iglesiadelourdes.com\/index.php\/wp-json\/wp\/v2\/posts\/42406","targetHints":{"allow":["GET"]}}],"collection":[{"href":"https:\/\/iglesiadelourdes.com\/index.php\/wp-json\/wp\/v2\/posts"}],"about":[{"href":"https:\/\/iglesiadelourdes.com\/index.php\/wp-json\/wp\/v2\/types\/post"}],"author":[{"embeddable":true,"href":"https:\/\/iglesiadelourdes.com\/index.php\/wp-json\/wp\/v2\/users\/4"}],"replies":[{"embeddable":true,"href":"https:\/\/iglesiadelourdes.com\/index.php\/wp-json\/wp\/v2\/comments?post=42406"}],"version-history":[{"count":2,"href":"https:\/\/iglesiadelourdes.com\/index.php\/wp-json\/wp\/v2\/posts\/42406\/revisions"}],"predecessor-version":[{"id":42409,"href":"https:\/\/iglesiadelourdes.com\/index.php\/wp-json\/wp\/v2\/posts\/42406\/revisions\/42409"}],"wp:featuredmedia":[{"embeddable":true,"href":"https:\/\/iglesiadelourdes.com\/index.php\/wp-json\/wp\/v2\/media\/42407"}],"wp:attachment":[{"href":"https:\/\/iglesiadelourdes.com\/index.php\/wp-json\/wp\/v2\/media?parent=42406"}],"wp:term":[{"taxonomy":"category","embeddable":true,"href":"https:\/\/iglesiadelourdes.com\/index.php\/wp-json\/wp\/v2\/categories?post=42406"},{"taxonomy":"post_tag","embeddable":true,"href":"https:\/\/iglesiadelourdes.com\/index.php\/wp-json\/wp\/v2\/tags?post=42406"}],"curies":[{"name":"wp","href":"https:\/\/api.w.org\/{rel}","templated":true}]}}