{"id":42397,"date":"2026-08-31T18:19:34","date_gmt":"2026-09-01T00:19:34","guid":{"rendered":"https:\/\/iglesiadelourdes.com\/?p=42397"},"modified":"2026-08-31T18:19:34","modified_gmt":"2026-09-01T00:19:34","slug":"3-de-setiembre-del-2026","status":"publish","type":"post","link":"https:\/\/iglesiadelourdes.com\/index.php\/2026\/08\/31\/3-de-setiembre-del-2026\/","title":{"rendered":"3 de setiembre del 2026"},"content":{"rendered":"<h2>Primera lectura<\/h2>\n<h3>Lectura de la primera carta del ap\u00f3stol san Pablo a los Corintios 3, 18-23<\/h3>\n<p>&nbsp;<\/p>\n<p>Hermanos:<\/p>\n<p>Que nadie se enga\u00f1e. Si alguno de vosotros se cree sabio en este mundo, que se haga necio para llegar a ser sabio.<\/p>\n<p>Porque la sabidur\u00eda de este mundo es necedad ante Dios, como est\u00e1 escrito: \u00ab\u00c9l caza a los sabios en su astucia\u00bb. Y tambi\u00e9n: \u00abEl Se\u00f1or penetra los pensamientos de los sabios y conoce que son vanos\u00bb.<\/p>\n<p>As\u00ed, pues, que nadie se glor\u00ede en los hombres, pues todo es vuestro: Pablo, Apolo, Cefas, el mundo, la vida, la muerte, lo presente, lo futuro. Todo es vuestro, vosotros de Cristo y Cristo de Dios.<\/p>\n<p>&nbsp;<\/p>\n<h2>Salmo de hoy<\/h2>\n<h3>Salmo 23, 1b-2. 3-4ab. 5-6 R\/. Del Se\u00f1or es la tierra y cuanto la llena.<\/h3>\n<p>&nbsp;<\/p>\n<p>Del Se\u00f1or es la tierra y cuanto la llena,<br \/>\nel orbe y todos sus habitantes:<br \/>\n\u00e9l la fund\u00f3 sobre los mares,<br \/>\n\u00e9l la afianz\u00f3 sobre los r\u00edos. R\/.<\/p>\n<p>\u00bfQui\u00e9n puede subir al monte del Se\u00f1or?<br \/>\n\u00bfQui\u00e9n puede estar en el recinto sacro?<br \/>\nEl hombre de manos inocentes y puro coraz\u00f3n,<br \/>\nque no conf\u00eda en los \u00eddolos. R\/.<\/p>\n<p>Ese recibir\u00e1 la bendici\u00f3n del Se\u00f1or,<br \/>\nle har\u00e1 justicia el Dios de salvaci\u00f3n.<br \/>\nEsta es la generaci\u00f3n que busca al Se\u00f1or,<br \/>\nque busca tu rostro, Dios de Jacob. R\/.<\/p>\n<p>&nbsp;<\/p>\n<h2>Evangelio del d\u00eda<\/h2>\n<h3>Lectura del santo evangelio seg\u00fan san Lucas 5, 1-11<\/h3>\n<p>&nbsp;<\/p>\n<p>En aquel tiempo, la gente se agolpaba en torno a Jes\u00fas para o\u00edr la palabra de Dios. Estando \u00e9l de pie junto al lago de Genesaret, vio dos barcas que estaban en la orilla; los pescadores, que hab\u00edan desembarcado, estaban lavando las redes.<\/p>\n<p>Subiendo a una de las barcas, que era la de Sim\u00f3n, le pidi\u00f3 que la apartara un poco de tierra. Desde la barca, sentado, ense\u00f1aba a la gente.<\/p>\n<p>Cuando acab\u00f3 de hablar, dijo a Sim\u00f3n:<br \/>\n\u00abRema mar adentro, y echad vuestras redes para la pesca\u00bb.<\/p>\n<p>Respondi\u00f3 Sim\u00f3n y dijo:<br \/>\n\u00abMaestro, hemos estado bregando toda la noche y no hemos recogido nada; pero, por tu palabra, echar\u00e9 las redes\u00bb.<\/p>\n<p>Y, puestos a la obra, hicieron una redada tan grande de peces que las redes comenzaban a reventarse. Entonces hicieron se\u00f1as a los compa\u00f1eros, que estaban en la otra barca, para que vinieran a echarles una mano. Vinieron y llenaron las dos barcas, hasta el punto de que casi se hund\u00edan. Al ver esto, Sim\u00f3n Pedro se ech\u00f3 a los pies de Jes\u00fas diciendo:<br \/>\n\u00abSe\u00f1or, ap\u00e1rtate de m\u00ed, que soy un hombre pecador\u00bb.<\/p>\n<p>Y es que el estupor se hab\u00eda apoderado de \u00e9l y de los que estaban con \u00e9l, por la redada de peces que hab\u00edan recogido; y lo mismo les pasaba a Santiago y Juan, hijos de Zebedeo, que eran compa\u00f1eros de Sim\u00f3n.<\/p>\n<p>Y Jes\u00fas dijo a Sim\u00f3n:<br \/>\n\u00abNo temas; desde ahora ser\u00e1s pescador de hombres\u00bb.<\/p>\n<p>Entonces sacaron las barcas a tierra y, dej\u00e1ndolo todo, lo siguieron.<\/p>\n<h3 data-start=\"27\" data-end=\"36\">Reflexi\u00f3n<\/h3>\n<p data-start=\"38\" data-end=\"454\">En el Evangelio seg\u00fan san Lucas, cap\u00edtulo 5, vers\u00edculos 1 al 11, Jes\u00fas se encuentra junto al lago de Genesaret. Los pescadores han trabajado toda la noche sin conseguir nada. Est\u00e1n cansados, frustrados y lavando las redes cuando Jes\u00fas entra en la barca de Sim\u00f3n y le pide algo que, desde la l\u00f3gica de un pescador experimentado, no parece tener mucho sentido: \u201cRema mar adentro, y echad vuestras redes para la pesca\u201d.<\/p>\n<p data-start=\"456\" data-end=\"737\">Sim\u00f3n no oculta lo que piensa: \u201cHemos estado bregando toda la noche y no hemos recogido nada\u201d. Esa frase tiene mucho de nuestra propia vida. Hay momentos en que uno siente que ya hizo todo lo posible, que trabaj\u00f3, insisti\u00f3, busc\u00f3 soluciones y aun as\u00ed no consigui\u00f3 resultado alguno.<\/p>\n<p data-start=\"739\" data-end=\"887\">Pero Pedro a\u00f1ade algo decisivo: \u201cPor tu palabra, echar\u00e9 las redes\u201d. No porque entienda completamente, no porque tenga garant\u00edas, sino porque conf\u00eda.<\/p>\n<p data-start=\"889\" data-end=\"1107\">La pesca abundante cambia por completo la escena. Las redes casi se rompen y las barcas est\u00e1n a punto de hundirse. Sin embargo, el verdadero milagro no son solo los peces. El cambio m\u00e1s profundo ocurre dentro de Pedro.<\/p>\n<p data-start=\"1109\" data-end=\"1391\">Frente a Jes\u00fas, Sim\u00f3n reconoce su propia fragilidad: \u201cSe\u00f1or, ap\u00e1rtate de m\u00ed, que soy un hombre pecador\u201d. Cuando uno se encuentra de verdad con Dios, deja de sentirse el centro de todo. Empieza a mirar con m\u00e1s claridad sus l\u00edmites, sus errores y tambi\u00e9n aquello que necesita cambiar.<\/p>\n<p data-start=\"1393\" data-end=\"1601\">Jes\u00fas no responde alej\u00e1ndose. Le dice: \u201cNo temas\u201d. Dios no llama \u00fanicamente a personas perfectas. Llama a personas concretas, con cansancio, dudas, errores y una historia que todav\u00eda est\u00e1 siendo transformada.<\/p>\n<p data-start=\"1603\" data-end=\"1881\">San Juan Pablo II record\u00f3 que la llamada de Cristo siempre implica salir de las propias seguridades y confiar m\u00e1s profundamente en \u00c9l. Pedro tuvo que abandonar una certeza muy concreta: la idea de que, porque \u00e9l sab\u00eda pescar, ya sab\u00eda tambi\u00e9n cu\u00e1ndo no val\u00eda la pena intentarlo.<\/p>\n<p data-start=\"1883\" data-end=\"2029\">Despu\u00e9s viene una frase que cambia su vida: \u201cDesde ahora ser\u00e1s pescador de hombres\u201d. Jes\u00fas toma aquello que Pedro conoce y le da una misi\u00f3n nueva.<\/p>\n<p data-start=\"2031\" data-end=\"2220\">Este Evangelio tambi\u00e9n nos obliga a revisar nuestras redes vac\u00edas. A veces no necesitamos tirar todo por la borda, sino escuchar de nuevo d\u00f3nde nos est\u00e1 pidiendo Cristo que lancemos la red.<\/p>\n<p data-start=\"2222\" data-end=\"2370\">Y al final aparece una decisi\u00f3n que no fue peque\u00f1a: \u201cdej\u00e1ndolo todo, lo siguieron\u201d. La fe no se qued\u00f3 en admirar el milagro. Se convirti\u00f3 en camino.<\/p>\n<p data-start=\"2372\" data-end=\"2407\" data-is-last-node=\"\" data-is-only-node=\"\">Que Dios les bendiga y les proteja.<\/p>\n","protected":false},"excerpt":{"rendered":"<p>Primera lectura Lectura de la primera carta del ap\u00f3stol san Pablo a los Corintios 3, 18-23 &nbsp; Hermanos: Que nadie se enga\u00f1e. Si alguno de vosotros se cree sabio en&#8230;<\/p>\n","protected":false},"author":4,"featured_media":42398,"comment_status":"open","ping_status":"open","sticky":false,"template":"","format":"standard","meta":{"_acf_changed":false,"give_campaign_id":0,"footnotes":""},"categories":[69],"tags":[],"class_list":["post-42397","post","type-post","status-publish","format-standard","has-post-thumbnail","hentry","category-evangeliodiario"],"acf":[],"_links":{"self":[{"href":"https:\/\/iglesiadelourdes.com\/index.php\/wp-json\/wp\/v2\/posts\/42397","targetHints":{"allow":["GET"]}}],"collection":[{"href":"https:\/\/iglesiadelourdes.com\/index.php\/wp-json\/wp\/v2\/posts"}],"about":[{"href":"https:\/\/iglesiadelourdes.com\/index.php\/wp-json\/wp\/v2\/types\/post"}],"author":[{"embeddable":true,"href":"https:\/\/iglesiadelourdes.com\/index.php\/wp-json\/wp\/v2\/users\/4"}],"replies":[{"embeddable":true,"href":"https:\/\/iglesiadelourdes.com\/index.php\/wp-json\/wp\/v2\/comments?post=42397"}],"version-history":[{"count":1,"href":"https:\/\/iglesiadelourdes.com\/index.php\/wp-json\/wp\/v2\/posts\/42397\/revisions"}],"predecessor-version":[{"id":42399,"href":"https:\/\/iglesiadelourdes.com\/index.php\/wp-json\/wp\/v2\/posts\/42397\/revisions\/42399"}],"wp:featuredmedia":[{"embeddable":true,"href":"https:\/\/iglesiadelourdes.com\/index.php\/wp-json\/wp\/v2\/media\/42398"}],"wp:attachment":[{"href":"https:\/\/iglesiadelourdes.com\/index.php\/wp-json\/wp\/v2\/media?parent=42397"}],"wp:term":[{"taxonomy":"category","embeddable":true,"href":"https:\/\/iglesiadelourdes.com\/index.php\/wp-json\/wp\/v2\/categories?post=42397"},{"taxonomy":"post_tag","embeddable":true,"href":"https:\/\/iglesiadelourdes.com\/index.php\/wp-json\/wp\/v2\/tags?post=42397"}],"curies":[{"name":"wp","href":"https:\/\/api.w.org\/{rel}","templated":true}]}}