{"id":42392,"date":"2026-08-30T21:28:16","date_gmt":"2026-08-31T03:28:16","guid":{"rendered":"https:\/\/iglesiadelourdes.com\/?p=42392"},"modified":"2026-08-30T21:28:16","modified_gmt":"2026-08-31T03:28:16","slug":"2-de-setiembre-del-2026","status":"publish","type":"post","link":"https:\/\/iglesiadelourdes.com\/index.php\/2026\/08\/30\/2-de-setiembre-del-2026\/","title":{"rendered":"2 de setiembre del 2026"},"content":{"rendered":"<h3>Lectura de la primera carta del Ap\u00f3stol San Pablo a los Corintios 3, 1-9<\/h3>\n<p>&nbsp;<\/p>\n<p>Hermanos, no pude hablaros como a espirituales, sino como a carnales, como a ni\u00f1os en Cristo. Por eso, en vez de alimento s\u00f3lido, os di a beber leche, pues todav\u00eda no estabais para m\u00e1s. Aunque tampoco lo est\u00e1is ahora, pues segu\u00eds siendo carnales. En efecto, mientras haya entre vosotros envidias y contiendas, \u00bfno es que segu\u00eds siendo carnales y que os comport\u00e1is al modo humano? Pues si uno dice \u00abyo soy de Pablo\u00bb y otro, \u00abyo de Apolo\u00bb, \u00bfno os comport\u00e1is al modo humano?<\/p>\n<p>En definitiva, \u00bfqu\u00e9 es Apolo y qu\u00e9 es Pablo? Servidores a trav\u00e9s de los cuales accedisteis a la fe, y cada uno de ellos como el Se\u00f1or le dio a entender. Yo plant\u00e9, Apolo reg\u00f3, pero fue Dios quien hizo crecer; de modo que, ni el que planta es nada, ni tampoco el que riega; sino Dios, que hace crecer. El que planta y el que riega son una misma cosa, si bien cada uno recibir\u00e1 el salario seg\u00fan lo que haya trabajado. Nosotros somos colaboradores de Dios y vosotros, campo de Dios, edificio de Dios.<\/p>\n<p>&nbsp;<\/p>\n<h2>Salmo de hoy<\/h2>\n<h3>Salmo 32, 12-13. 14-15. 20-21 R\/. Dichoso el pueblo que Dios se escogi\u00f3 como heredad.<\/h3>\n<p>&nbsp;<\/p>\n<p>Dichosa la naci\u00f3n cuyo Dios es el Se\u00f1or,<br \/>\nel pueblo que \u00e9l se escogi\u00f3 como heredad.<br \/>\nEl Se\u00f1or mira desde el cielo,<br \/>\nse fija en todos los hombres. R\/.<\/p>\n<p>Desde su morada observa<br \/>\na todos los habitantes de la tierra:<br \/>\n\u00e9l model\u00f3 cada coraz\u00f3n,<br \/>\ny comprende todas sus acciones. R\/.<\/p>\n<p>Nosotros aguardamos al Se\u00f1or:<br \/>\n\u00e9l es nuestro auxilio y escudo.<br \/>\nCon \u00e9l se alegra nuestro coraz\u00f3n,<br \/>\nen su santo nombre confiamos. R\/.<\/p>\n<p>&nbsp;<\/p>\n<h2>Evangelio del d\u00eda<\/h2>\n<h3>Lectura del santo Evangelio seg\u00fan san Lucas 4, 38-44<\/h3>\n<p>&nbsp;<\/p>\n<p>En aquel tiempo, al salir Jes\u00fas de la sinagoga, entr\u00f3 en la casa de Sim\u00f3n.<\/p>\n<p>La suegra de Sim\u00f3n estaba con fiebre muy alta y le rogaron por ella.<\/p>\n<p>El, inclin\u00e1ndose sobre ella, increp\u00f3 a la fiebre, y se le pas\u00f3; ella, levant\u00e1ndose enseguida, se puso a servirles.<\/p>\n<p>Al ponerse el sol, todos cuantos ten\u00edan enfermos con diversas dolencias se los llevaban, y \u00e9l, imponiendo las manos sobre cada uno, los iba curando.<\/p>\n<p>De muchos de ellos sal\u00edan tambi\u00e9n demonios, que gritaban y dec\u00edan:<br \/>\n\u00abT\u00fa eres el Hijo de Dios\u00bb.<\/p>\n<p>Los increpaba y no les dejaba hablar, porque sab\u00edan que \u00e9l era el Mes\u00edas.<\/p>\n<p>Al hacerse de d\u00eda, sali\u00f3 y se fue a un lugar desierto. La gente lo andaba buscando y, llegando donde estaba, intentaban retenerlo para que no se separara de ellos.<\/p>\n<p>Pero \u00e9l les dijo:<br \/>\n\u00abEs necesario que proclame el reino de Dios tambi\u00e9n a las otras ciudades, pues para esto he sido enviado\u00bb.<\/p>\n<p>Y predicaba en las sinagogas de Judea.<\/p>\n<h3 data-start=\"27\" data-end=\"36\">Reflexi\u00f3n<\/h3>\n<p data-start=\"38\" data-end=\"332\">En el Evangelio seg\u00fan san Lucas, cap\u00edtulo 4, vers\u00edculos 38 al 44, Jes\u00fas sale de la sinagoga y entra en la casa de Sim\u00f3n. All\u00ed encuentra a la suegra de Pedro con una fiebre muy alta. Le ruegan por ella, Jes\u00fas se acerca, la libera de aquella enfermedad y ella se levanta de inmediato para servir.<\/p>\n<p data-start=\"334\" data-end=\"544\">Ese detalle es importante: la curaci\u00f3n no termina en el alivio personal. La mujer recupera fuerzas y las pone al servicio de los dem\u00e1s. La gracia recibida no queda encerrada en uno mismo; produce una respuesta.<\/p>\n<p data-start=\"546\" data-end=\"822\">Despu\u00e9s, al ponerse el sol, comienzan a llevarle enfermos de todo tipo. Jes\u00fas no atiende a una masa an\u00f3nima. El Evangelio dice que impon\u00eda las manos sobre cada uno. Hay algo profundamente humano ah\u00ed: cada persona cuenta, cada dolor tiene rostro, cada historia merece atenci\u00f3n.<\/p>\n<p data-start=\"824\" data-end=\"1059\">Pero el pasaje no se queda solo en las curaciones. Al amanecer, Jes\u00fas se retira a un lugar desierto. La gente lo busca e intenta retenerlo. Quer\u00edan que se quedara con ellos, quiz\u00e1 porque hab\u00edan encontrado en \u00c9l aquello que necesitaban.<\/p>\n<p data-start=\"1061\" data-end=\"1211\">Jes\u00fas, sin embargo, responde: \u201cEs necesario que proclame el reino de Dios tambi\u00e9n a las otras ciudades\u201d. No se deja encerrar ni siquiera por el \u00e9xito.<\/p>\n<p data-start=\"1213\" data-end=\"1441\">Eso tambi\u00e9n dice mucho. A veces queremos apropiarnos de lo que Dios hace, como si su acci\u00f3n tuviera que quedarse dentro de nuestro grupo, nuestra comunidad o nuestras necesidades. Jes\u00fas rompe esa l\u00f3gica. Su misi\u00f3n es m\u00e1s amplia.<\/p>\n<p data-start=\"1443\" data-end=\"1700\">San Juan Pablo II insisti\u00f3 en que la misi\u00f3n de la Iglesia nace precisamente de Cristo enviado por el Padre y contin\u00faa cuando los disc\u00edpulos salen de s\u00ed mismos para anunciar el Evangelio. Una fe que solo busca recibir y nunca salir termina empeque\u00f1eci\u00e9ndose.<\/p>\n<p data-start=\"1702\" data-end=\"1895\">Jes\u00fas cura, escucha, sirve, se retira a orar y despu\u00e9s vuelve al camino. Hay un equilibrio muy concreto: cercan\u00eda con las personas, silencio con el Padre y misi\u00f3n hacia quienes todav\u00eda esperan.<\/p>\n<p data-start=\"1897\" data-end=\"2067\">Este Evangelio nos deja una pregunta sencilla: cuando Dios hace algo bueno en nuestra vida, \u00bflo convertimos en servicio o simplemente seguimos buscando m\u00e1s para nosotros?<\/p>\n<p data-start=\"2069\" data-end=\"2104\" data-is-last-node=\"\" data-is-only-node=\"\">Que Dios les bendiga y les proteja.<\/p>\n","protected":false},"excerpt":{"rendered":"<p>Lectura de la primera carta del Ap\u00f3stol San Pablo a los Corintios 3, 1-9 &nbsp; Hermanos, no pude hablaros como a espirituales, sino como a carnales, como a ni\u00f1os en&#8230;<\/p>\n","protected":false},"author":4,"featured_media":42393,"comment_status":"open","ping_status":"open","sticky":false,"template":"","format":"standard","meta":{"_acf_changed":false,"give_campaign_id":0,"footnotes":""},"categories":[69],"tags":[],"class_list":["post-42392","post","type-post","status-publish","format-standard","has-post-thumbnail","hentry","category-evangeliodiario"],"acf":[],"_links":{"self":[{"href":"https:\/\/iglesiadelourdes.com\/index.php\/wp-json\/wp\/v2\/posts\/42392","targetHints":{"allow":["GET"]}}],"collection":[{"href":"https:\/\/iglesiadelourdes.com\/index.php\/wp-json\/wp\/v2\/posts"}],"about":[{"href":"https:\/\/iglesiadelourdes.com\/index.php\/wp-json\/wp\/v2\/types\/post"}],"author":[{"embeddable":true,"href":"https:\/\/iglesiadelourdes.com\/index.php\/wp-json\/wp\/v2\/users\/4"}],"replies":[{"embeddable":true,"href":"https:\/\/iglesiadelourdes.com\/index.php\/wp-json\/wp\/v2\/comments?post=42392"}],"version-history":[{"count":2,"href":"https:\/\/iglesiadelourdes.com\/index.php\/wp-json\/wp\/v2\/posts\/42392\/revisions"}],"predecessor-version":[{"id":42395,"href":"https:\/\/iglesiadelourdes.com\/index.php\/wp-json\/wp\/v2\/posts\/42392\/revisions\/42395"}],"wp:featuredmedia":[{"embeddable":true,"href":"https:\/\/iglesiadelourdes.com\/index.php\/wp-json\/wp\/v2\/media\/42393"}],"wp:attachment":[{"href":"https:\/\/iglesiadelourdes.com\/index.php\/wp-json\/wp\/v2\/media?parent=42392"}],"wp:term":[{"taxonomy":"category","embeddable":true,"href":"https:\/\/iglesiadelourdes.com\/index.php\/wp-json\/wp\/v2\/categories?post=42392"},{"taxonomy":"post_tag","embeddable":true,"href":"https:\/\/iglesiadelourdes.com\/index.php\/wp-json\/wp\/v2\/tags?post=42392"}],"curies":[{"name":"wp","href":"https:\/\/api.w.org\/{rel}","templated":true}]}}