{"id":42388,"date":"2026-08-30T21:08:09","date_gmt":"2026-08-31T03:08:09","guid":{"rendered":"https:\/\/iglesiadelourdes.com\/?p=42388"},"modified":"2026-08-30T21:08:09","modified_gmt":"2026-08-31T03:08:09","slug":"1-de-setiembre-del-2026","status":"publish","type":"post","link":"https:\/\/iglesiadelourdes.com\/index.php\/2026\/08\/30\/1-de-setiembre-del-2026\/","title":{"rendered":"1 de setiembre del 2026"},"content":{"rendered":"<h2>Primera lectura<\/h2>\n<h3>Lectura de la primera carta del ap\u00f3stol san Pablo a los Corintios 2, 10b-16<\/h3>\n<p>&nbsp;<\/p>\n<p>Hermanos:<\/p>\n<p>El Esp\u00edritu lo sondea todo, incluso lo profundo de Dios. Pues, \u00bfqui\u00e9n conoce lo \u00edntimo del hombre, sino el esp\u00edritu del hombre, que est\u00e1 dentro de \u00e9l? Del mismo modo, lo \u00edntimo de Dios lo conoce solo el Esp\u00edritu de Dios.<\/p>\n<p>Pero nosotros hemos recibido un Esp\u00edritu que no es del mundo; es el Esp\u00edritu que viene de Dios, para que conozcamos los dones que de Dios recibimos.<\/p>\n<p>Cuando explicamos verdades espirituales a hombres de esp\u00edritu, no las exponemos en el lenguaje que ense\u00f1a el saber humano, sino en el que ense\u00f1a el Esp\u00edritu. Pues el hombre natural no capta lo que es propio del Esp\u00edritu de Dios, le parece una necedad; no es capaz de percibirlo, porque solo se puede juzgar con el criterio del Esp\u00edritu. En cambio, el hombre espiritual lo juzga todo, mientras que \u00e9l no est\u00e1 sujeto al juicio de nadie. \u00abQui\u00e9n ha conocido la mente del Se\u00f1or para poder instruirlo?\u00bb. Pues bien, nosotros tenemos la mente de Cristo.<\/p>\n<p>&nbsp;<\/p>\n<h2>Salmo de hoy<\/h2>\n<h3>Salmo 144, 8-9. 10-11. 12-13ab. 13cd-14 R\/. El Se\u00f1or es justo en todos sus caminos.<\/h3>\n<p>&nbsp;<\/p>\n<p>El Se\u00f1or es clemente y misericordioso,<br \/>\nlento a la c\u00f3lera y rico en piedad;<br \/>\nel Se\u00f1or es bueno con todos,<br \/>\nes cari\u00f1oso con todas sus criaturas. R\/.<\/p>\n<p>Que todas tus criaturas te den gracias, Se\u00f1or,<br \/>\nque te bendigan tus fieles.<br \/>\nQue proclamen la gloria de tu reinado,<br \/>\nque hablen de tus haza\u00f1as. R\/.<\/p>\n<p>Explicando tus haza\u00f1as a los hombres,<br \/>\nla gloria y majestad de tu reinado.<br \/>\nTu reinado es un reinado perpetuo,<br \/>\ntu gobierno va de edad en edad. R\/.<\/p>\n<p>El Se\u00f1or es fiel a sus palabras,<br \/>\nbondadoso en todas sus acciones.<br \/>\nEl Se\u00f1or sostiene a los que van a caer,<br \/>\nendereza a los que ya se doblan. R\/.<\/p>\n<p>&nbsp;<\/p>\n<h2>Evangelio del d\u00eda<\/h2>\n<h3>Lectura del santo evangelio seg\u00fan san Lucas 4, 31-37<\/h3>\n<p>&nbsp;<\/p>\n<p>En aquel tiempo, Jes\u00fas baj\u00f3 a Cafarna\u00fan, ciudad de Galilea, y los s\u00e1bados les ense\u00f1aba.<\/p>\n<p>Se quedaban asombrados de su ense\u00f1anza, porque su palabra estaba llena de autoridad.<\/p>\n<p>Hab\u00eda en la sinagoga un hombre pose\u00eddo por un esp\u00edritu de demonio inmundo y se puso a gritar con fuerte voz:<br \/>\n\u00ab\u00a1Basta! \u00bfQu\u00e9 tenemos que ver nosotros contigo, Jes\u00fas Nazareno? \u00bfHas venido a acabar con nosotros? S\u00e9 qui\u00e9n eres: el Santo de Dios\u00bb.<\/p>\n<p>Pero Jes\u00fas le increp\u00f3 diciendo:<br \/>\n\u00ab\u00a1C\u00e1llate y sal de \u00e9l!\u00bb.<\/p>\n<p>Entonces el demonio, tirando al hombre por tierra en medio de la gente, sali\u00f3 sin hacerle da\u00f1o.<\/p>\n<p>Quedaron todos asombrados y comentaban entre s\u00ed:<br \/>\n\u00ab\u00bfQu\u00e9 clase de palabra es esta? Pues da \u00f3rdenes con autoridad y poder a los esp\u00edritus inmundos, y salen\u00bb.<\/p>\n<p>Y su fama se difund\u00eda por todos los lugares de la comarca.<\/p>\n<h3 class=\"PDq2pG_selectionAnchorContainer\" data-start=\"27\" data-end=\"36\">Reflexi\u00f3n<\/h3>\n<p data-start=\"38\" data-end=\"321\">En el Evangelio seg\u00fan san Lucas, cap\u00edtulo 4, vers\u00edculos 31 al 37, Jes\u00fas llega a Cafarna\u00fan y ense\u00f1a en la sinagoga. La gente queda asombrada porque su palabra tiene autoridad. No habla como quien repite f\u00f3rmulas; habla con una fuerza que toca la vida y pone orden donde hay confusi\u00f3n.<\/p>\n<p data-start=\"323\" data-end=\"571\">En medio de la reuni\u00f3n aparece un hombre dominado por un esp\u00edritu inmundo. Lo interesante es que ese esp\u00edritu sabe perfectamente qui\u00e9n es Jes\u00fas: \u201cel Santo de Dios\u201d. Conocer qui\u00e9n es Cristo no basta. Se puede reconocerlo y, aun as\u00ed, resistirse a \u00c9l.<\/p>\n<p data-start=\"573\" data-end=\"799\">Jes\u00fas no entra en discusi\u00f3n. No negocia. No se entretiene con el ruido. Dice: \u201c\u00a1C\u00e1llate y sal de \u00e9l!\u201d. Y el hombre queda libre. La autoridad de Jes\u00fas se muestra precisamente ah\u00ed: su palabra no solo explica, tambi\u00e9n transforma.<\/p>\n<p data-start=\"801\" data-end=\"1008\">Ese detalle deber\u00eda hacernos pensar en nuestra propia fe. Podemos escuchar mucho, leer mucho y hasta hablar mucho de Dios, pero si su palabra no cambia algo dentro de nosotros, todo puede quedarse en teor\u00eda.<\/p>\n<p data-start=\"1010\" data-end=\"1293\">Tambi\u00e9n hay una ense\u00f1anza fuerte sobre el ruido interior. Hay cosas que gritan dentro de nosotros: miedo, resentimiento, culpa, obsesiones, orgullo. A veces esas voces terminan mandando m\u00e1s que nuestra conciencia. El Evangelio muestra a un Cristo que no se deja dominar por ese caos.<\/p>\n<p data-start=\"1295\" data-end=\"1526\">Benedicto XVI ense\u00f1\u00f3 que la verdadera autoridad de Jes\u00fas nace de su uni\u00f3n con el Padre y de la verdad que comunica. No necesita imponerse por la fuerza. Su palabra tiene peso porque viene de Dios y porque busca liberar, no someter.<\/p>\n<p data-start=\"1528\" data-end=\"1813\">La gente se pregunta: \u201c\u00bfQu\u00e9 clase de palabra es esta?\u201d. Esa pregunta sigue vigente. \u00bfQu\u00e9 lugar tiene la palabra de Cristo en nuestra vida? \u00bfEs una frase bonita, una costumbre religiosa o una voz que todav\u00eda tiene autoridad para corregirnos y sacar de nosotros aquello que nos destruye?<\/p>\n<p data-start=\"1815\" data-end=\"2000\">Jes\u00fas no vino simplemente a impresionar a la gente. Vino a liberar. Y cuando permitimos que su palabra entre de verdad, tambi\u00e9n empieza a poner orden en aquello que llevamos por dentro.<\/p>\n<p data-start=\"2002\" data-end=\"2037\" data-is-last-node=\"\" data-is-only-node=\"\">Que Dios les bendiga y les proteja.<\/p>\n","protected":false},"excerpt":{"rendered":"<p>Primera lectura Lectura de la primera carta del ap\u00f3stol san Pablo a los Corintios 2, 10b-16 &nbsp; Hermanos: El Esp\u00edritu lo sondea todo, incluso lo profundo de Dios. Pues, \u00bfqui\u00e9n&#8230;<\/p>\n","protected":false},"author":4,"featured_media":42389,"comment_status":"open","ping_status":"open","sticky":false,"template":"","format":"standard","meta":{"_acf_changed":false,"give_campaign_id":0,"footnotes":""},"categories":[69],"tags":[],"class_list":["post-42388","post","type-post","status-publish","format-standard","has-post-thumbnail","hentry","category-evangeliodiario"],"acf":[],"_links":{"self":[{"href":"https:\/\/iglesiadelourdes.com\/index.php\/wp-json\/wp\/v2\/posts\/42388","targetHints":{"allow":["GET"]}}],"collection":[{"href":"https:\/\/iglesiadelourdes.com\/index.php\/wp-json\/wp\/v2\/posts"}],"about":[{"href":"https:\/\/iglesiadelourdes.com\/index.php\/wp-json\/wp\/v2\/types\/post"}],"author":[{"embeddable":true,"href":"https:\/\/iglesiadelourdes.com\/index.php\/wp-json\/wp\/v2\/users\/4"}],"replies":[{"embeddable":true,"href":"https:\/\/iglesiadelourdes.com\/index.php\/wp-json\/wp\/v2\/comments?post=42388"}],"version-history":[{"count":2,"href":"https:\/\/iglesiadelourdes.com\/index.php\/wp-json\/wp\/v2\/posts\/42388\/revisions"}],"predecessor-version":[{"id":42391,"href":"https:\/\/iglesiadelourdes.com\/index.php\/wp-json\/wp\/v2\/posts\/42388\/revisions\/42391"}],"wp:featuredmedia":[{"embeddable":true,"href":"https:\/\/iglesiadelourdes.com\/index.php\/wp-json\/wp\/v2\/media\/42389"}],"wp:attachment":[{"href":"https:\/\/iglesiadelourdes.com\/index.php\/wp-json\/wp\/v2\/media?parent=42388"}],"wp:term":[{"taxonomy":"category","embeddable":true,"href":"https:\/\/iglesiadelourdes.com\/index.php\/wp-json\/wp\/v2\/categories?post=42388"},{"taxonomy":"post_tag","embeddable":true,"href":"https:\/\/iglesiadelourdes.com\/index.php\/wp-json\/wp\/v2\/tags?post=42388"}],"curies":[{"name":"wp","href":"https:\/\/api.w.org\/{rel}","templated":true}]}}