{"id":42385,"date":"2026-08-30T06:04:00","date_gmt":"2026-08-30T12:04:00","guid":{"rendered":"https:\/\/iglesiadelourdes.com\/?p=42385"},"modified":"2026-08-30T06:04:00","modified_gmt":"2026-08-30T12:04:00","slug":"31-de-agosto-del-2026","status":"publish","type":"post","link":"https:\/\/iglesiadelourdes.com\/index.php\/2026\/08\/30\/31-de-agosto-del-2026\/","title":{"rendered":"31 de agosto del 2026"},"content":{"rendered":"<h2>Primera lectura<\/h2>\n<h3>Lectura de la primera carta del ap\u00f3stol san Pablo a los Corintios 2, 1-5<\/h3>\n<p>&nbsp;<\/p>\n<p>Yo, hermanos, cuando vine a vosotros a anunciaros el misterio de Dios, no lo hice con sublime elocuencia o sabidur\u00eda, pues nunca entre vosotros me preci\u00e9 de saber cosa alguna, sino a Jesucristo, y este crucificado.<\/p>\n<p>Tambi\u00e9n yo me present\u00e9 a vosotros d\u00e9bil y temblando de miedo; mi palabra y mi predicaci\u00f3n no fue con persuasiva sabidur\u00eda humana, sino en la manifestaci\u00f3n y el poder del Esp\u00edritu, para que vuestra fe no se apoye en la sabidur\u00eda de los hombres, sino en el poder de Dios.<\/p>\n<p>&nbsp;<\/p>\n<h2>Salmo de hoy<\/h2>\n<h3>Salmo 118, 97. 98. 99. 100. 101. 102 R\/. \u00a1Cu\u00e1nto amo tu voluntad, Se\u00f1or!<\/h3>\n<p>&nbsp;<\/p>\n<p>\u00a1Cu\u00e1nto amo tu voluntad:<br \/>\ntodo el d\u00eda estoy meditando. R\/.<\/p>\n<p>Tu mandato me hace m\u00e1s sabio<br \/>\nque mis enemigos,<br \/>\nsiempre me acompa\u00f1a. R\/.<\/p>\n<p>Soy m\u00e1s docto que todos mis maestros,<br \/>\nporque medito tus preceptos. R\/.<\/p>\n<p>Soy m\u00e1s sagaz que los ancianos,<br \/>\nporque cumplo tus leyes. R\/.<\/p>\n<p>Aparto mi pie de toda senda mala,<br \/>\npara guardar tu palabra. R\/.<\/p>\n<p>No me aparto de tus mandamientos,<br \/>\nporque t\u00fa me has instruido. R\/.<\/p>\n<p>&nbsp;<\/p>\n<h2>Evangelio del d\u00eda<\/h2>\n<h3>Lectura del santo evangelio seg\u00fan san Lucas 4, 16-30<\/h3>\n<p>&nbsp;<\/p>\n<p>En aquel tiempo, Jes\u00fas fue a Nazaret, donde se hab\u00eda criado, entr\u00f3 en la sinagoga, como era su costumbre los s\u00e1bados, y se puso en pie para hacer la lectura. Le entregaron el rollo del profeta Isa\u00edas y, desenroll\u00e1ndolo, encontr\u00f3 el pasaje donde estaba escrito:<\/p>\n<p>\u00abEl Esp\u00edritu del Se\u00f1or est\u00e1 sobre m\u00ed, porque \u00e9l me ha ungido. Me ha enviado a evangelizar a los pobres, a proclamar a los cautivos la libertad, y a los ciegos, la vista; a poner en libertad a los oprimidos; a proclamar el a\u00f1o de gracia del Se\u00f1or\u00bb.<\/p>\n<p>Y, enrollando el rollo y devolvi\u00e9ndolo al que lo ayudaba, se sent\u00f3. Toda la sinagoga ten\u00eda los ojos clavados en \u00e9l. Y \u00e9l comenz\u00f3 a decirles:<br \/>\n\u00abHoy se ha cumplido esta Escritura que acab\u00e1is de o\u00edr\u00bb.<\/p>\n<p>Y todos le expresaban su aprobaci\u00f3n y se admiraban de las palabras de gracia que sal\u00edan de su boca.<\/p>\n<p>Y dec\u00edan:<br \/>\n\u00ab\u00bfNo es este el hijo de Jos\u00e9?\u00bb.<\/p>\n<p>Pero Jes\u00fas les dijo:<br \/>\n\u00abSin duda me dir\u00e9is aquel refr\u00e1n: \u201cM\u00e9dico, c\u00farate a ti mismo\u201d, haz tambi\u00e9n aqu\u00ed, en tu pueblo, lo que hemos o\u00eddo que has hecho en Cafarna\u00fan\u00bb.<\/p>\n<p>Y a\u00f1adi\u00f3:<br \/>\n\u00abEn verdad os digo que ning\u00fan profeta es aceptado en su pueblo. Puedo aseguraros que en Israel hab\u00eda muchas viudas en los d\u00edas de El\u00edas, cuando estuvo cerrado el cielo tres a\u00f1os y seis meses y hubo una gran hambre en todo el pa\u00eds; sin embargo, a ninguna de ellas fue enviado El\u00edas sino a una viuda de Sarepta, en el territorio de Sid\u00f3n. Y muchos leprosos hab\u00eda en Israel en tiempos del profeta Eliseo, sin embargo, ninguno de ellos fue curado sino Naam\u00e1n, el sirio\u00bb.<\/p>\n<p>Al o\u00edr esto, todos en la sinagoga se pusieron furiosos y, levant\u00e1ndose, lo echaron fuera del pueblo y lo llevaron hasta un precipicio del monte sobre el que estaba edificado su pueblo, con intenci\u00f3n de despe\u00f1arlo.<\/p>\n<p>Pero Jes\u00fas se abri\u00f3 paso entre ellos y segu\u00eda su camino.<\/p>\n<h3 data-start=\"27\" data-end=\"36\">Reflexi\u00f3n<\/h3>\n<p data-start=\"38\" data-end=\"321\">En el Evangelio seg\u00fan san Lucas, cap\u00edtulo 4, vers\u00edculos 16 al 30, Jes\u00fas entra en la sinagoga de Nazaret, lee al profeta Isa\u00edas y anuncia que esa palabra se cumple en \u00c9l: Buena Noticia para los pobres, libertad para los cautivos, vista para los ciegos y liberaci\u00f3n para los oprimidos.<\/p>\n<p data-start=\"323\" data-end=\"445\">Hasta ah\u00ed, todos encantados. El problema empieza cuando Jes\u00fas deja de decir cosas agradables y toca el orgullo del pueblo.<\/p>\n<p data-start=\"447\" data-end=\"701\">Mientras habla bonito, lo admiran. Cuando les recuerda que Dios tambi\u00e9n actu\u00f3 fuera de Israel, con una viuda extranjera y con Naam\u00e1n, el sirio, la admiraci\u00f3n se convierte en furia. En cuesti\u00f3n de minutos pasan de escucharlo con gusto a querer despe\u00f1arlo.<\/p>\n<p data-start=\"703\" data-end=\"969\">Eso retrata una religiosidad bastante peligrosa: querer a Dios mientras diga lo que queremos o\u00edr. Nos gusta un Evangelio que consuela, pero no siempre uno que corrige. Nos encanta hablar de misericordia hasta que esa misericordia alcanza a alguien que no soportamos.<\/p>\n<p data-start=\"971\" data-end=\"1226\">Jes\u00fas rompe la idea de un Dios encerrado dentro de nuestros grupos, nuestros apellidos, nuestras costumbres o nuestras preferencias. Dios no pertenece a una \u00e9lite religiosa. Su gracia no necesita nuestro permiso para llegar a quien hemos decidido excluir.<\/p>\n<p data-start=\"1228\" data-end=\"1460\">El Papa Francisco insisti\u00f3 muchas veces en que la Iglesia no puede convertirse en una aduana que decide qui\u00e9n merece entrar y qui\u00e9n debe quedarse fuera. Cuando la fe se utiliza para levantar barreras, algo se ha desviado seriamente.<\/p>\n<p data-start=\"1462\" data-end=\"1827\">Tambi\u00e9n aparece otra herida: \u201c\u00bfNo es este el hijo de Jos\u00e9?\u201d. Lo conoc\u00edan desde peque\u00f1o y por eso pensaban que ya sab\u00edan todo sobre \u00c9l. A veces hacemos lo mismo con las personas: las reducimos a su pasado, a su familia, a un error, a una etiqueta. Despu\u00e9s nos sorprende que Dios pueda hacer algo grande precisamente a trav\u00e9s de quien nosotros ya hab\u00edamos descartado.<\/p>\n<p data-start=\"1829\" data-end=\"1996\">La escena termina con una imagen brutal: quieren matar a Jes\u00fas porque no soportan lo que dice. No pudieron rebatir el mensaje, as\u00ed que quisieron eliminar al mensajero.<\/p>\n<p data-start=\"1998\" data-end=\"2182\">Eso sigue ocurriendo, aunque hoy no siempre haya precipicios. Se desacredita, se ridiculiza, se se\u00f1ala o se intenta silenciar a quien dice algo que obliga a revisar la propia conducta.<\/p>\n<p data-start=\"2184\" data-end=\"2335\">Jes\u00fas, sin embargo, \u201cse abri\u00f3 paso entre ellos y segu\u00eda su camino\u201d. No negoci\u00f3 la verdad para conservar aplausos. No suaviz\u00f3 el mensaje para caer bien.<\/p>\n<p data-start=\"2337\" data-end=\"2553\">Ese es el filo de este Evangelio: si nuestra fe solo funciona cuando Dios confirma nuestros prejuicios, quiz\u00e1 no estamos siguiendo a Cristo; quiz\u00e1 solo estamos utilizando su nombre para bendecir lo que ya pens\u00e1bamos.<\/p>\n<p data-start=\"2555\" data-end=\"2590\" data-is-last-node=\"\" data-is-only-node=\"\">Que Dios les bendiga y les proteja.<\/p>\n","protected":false},"excerpt":{"rendered":"<p>Primera lectura Lectura de la primera carta del ap\u00f3stol san Pablo a los Corintios 2, 1-5 &nbsp; Yo, hermanos, cuando vine a vosotros a anunciaros el misterio de Dios, no&#8230;<\/p>\n","protected":false},"author":4,"featured_media":42386,"comment_status":"open","ping_status":"open","sticky":false,"template":"","format":"standard","meta":{"_acf_changed":false,"give_campaign_id":0,"footnotes":""},"categories":[69],"tags":[],"class_list":["post-42385","post","type-post","status-publish","format-standard","has-post-thumbnail","hentry","category-evangeliodiario"],"acf":[],"_links":{"self":[{"href":"https:\/\/iglesiadelourdes.com\/index.php\/wp-json\/wp\/v2\/posts\/42385","targetHints":{"allow":["GET"]}}],"collection":[{"href":"https:\/\/iglesiadelourdes.com\/index.php\/wp-json\/wp\/v2\/posts"}],"about":[{"href":"https:\/\/iglesiadelourdes.com\/index.php\/wp-json\/wp\/v2\/types\/post"}],"author":[{"embeddable":true,"href":"https:\/\/iglesiadelourdes.com\/index.php\/wp-json\/wp\/v2\/users\/4"}],"replies":[{"embeddable":true,"href":"https:\/\/iglesiadelourdes.com\/index.php\/wp-json\/wp\/v2\/comments?post=42385"}],"version-history":[{"count":1,"href":"https:\/\/iglesiadelourdes.com\/index.php\/wp-json\/wp\/v2\/posts\/42385\/revisions"}],"predecessor-version":[{"id":42387,"href":"https:\/\/iglesiadelourdes.com\/index.php\/wp-json\/wp\/v2\/posts\/42385\/revisions\/42387"}],"wp:featuredmedia":[{"embeddable":true,"href":"https:\/\/iglesiadelourdes.com\/index.php\/wp-json\/wp\/v2\/media\/42386"}],"wp:attachment":[{"href":"https:\/\/iglesiadelourdes.com\/index.php\/wp-json\/wp\/v2\/media?parent=42385"}],"wp:term":[{"taxonomy":"category","embeddable":true,"href":"https:\/\/iglesiadelourdes.com\/index.php\/wp-json\/wp\/v2\/categories?post=42385"},{"taxonomy":"post_tag","embeddable":true,"href":"https:\/\/iglesiadelourdes.com\/index.php\/wp-json\/wp\/v2\/tags?post=42385"}],"curies":[{"name":"wp","href":"https:\/\/api.w.org\/{rel}","templated":true}]}}