{"id":41944,"date":"2026-04-07T13:02:11","date_gmt":"2026-04-07T13:02:11","guid":{"rendered":"https:\/\/iglesiadelourdes.com\/?p=41944"},"modified":"2026-04-07T13:02:11","modified_gmt":"2026-04-07T13:02:11","slug":"30-de-marzo-del-2026","status":"publish","type":"post","link":"https:\/\/iglesiadelourdes.com\/index.php\/2026\/04\/07\/30-de-marzo-del-2026\/","title":{"rendered":"30 de marzo del 2026"},"content":{"rendered":"<h2>Primera lectura<\/h2>\n<h3>Lectura del libro de Isa\u00edas 42, 1-7<\/h3>\n<p>&nbsp;<\/p>\n<p>Mirad a mi siervo, a quien sostengo; mi elegido, en quien me complazco. He puesto mi esp\u00edritu sobre \u00e9l, manifestar\u00e1 la justicia a las naciones. No gritar\u00e1, no clamar\u00e1, no vocear\u00e1 por las calles. La ca\u00f1a cascada no la quebrar\u00e1, la mecha vacilante no la apagar\u00e1. Manifestar\u00e1 la justicia con verdad. No vacilar\u00e1 ni se quebrar\u00e1, hasta implantar la justicia en el pa\u00eds. En su ley esperan las islas.<\/p>\n<p>Esto dice el Se\u00f1or, Dios, que crea y despliega los cielos, consolid\u00f3 la tierra con su vegetaci\u00f3n, da el respiro al pueblo que la habita y el aliento a quienes caminan por ella:<br \/>\n\u00abYo, el Se\u00f1or, te he llamado en mi justicia, te cog\u00ed de la mano, te form\u00e9 e hice de ti alianza de un pueblo y luz de las naciones, para que abras los ojos de los ciegos, saques a los cautivos de la c\u00e1rcel, de la prisi\u00f3n a los que habitan en tinieblas\u00bb.<\/p>\n<p>&nbsp;<\/p>\n<h2>Salmo de hoy<\/h2>\n<h3>Salmo 26, 1. 2. 3. 13-14 R\/. El Se\u00f1or es mi luz y mi salvaci\u00f3n<\/h3>\n<p>&nbsp;<\/p>\n<p>El Se\u00f1or es mi luz y mi salvaci\u00f3n,<br \/>\n\u00bfa qui\u00e9n temer\u00e9?<br \/>\nEl Se\u00f1or es la defensa de mi vida,<br \/>\n\u00bfqui\u00e9n me har\u00e1 temblar? R\/.<\/p>\n<p>Cuando me asaltan los malvados<br \/>\npara devorar mi carne,<br \/>\nellos, enemigos y adversarios,<br \/>\ntropiezan y caen. R\/.<\/p>\n<p>Si un ej\u00e9rcito acampa contra m\u00ed,<br \/>\nmi coraz\u00f3n no tiembla;<br \/>\nsi me declaran la guerra,<br \/>\nme siento tranquilo. R\/.<\/p>\n<p>Espero gozar de la dicha del Se\u00f1or<br \/>\nen el pa\u00eds de la vida.<br \/>\nEspera en el Se\u00f1or, s\u00e9 valiente,<br \/>\nten \u00e1nimo, espera en el Se\u00f1or. R\/.<\/p>\n<p>&nbsp;<\/p>\n<h2>Evangelio del d\u00eda<\/h2>\n<h3>Lectura del santo evangelio seg\u00fan san Juan 12, 1-11<\/h3>\n<p>&nbsp;<\/p>\n<p>Seis d\u00edas antes de la Pascua, fue Jes\u00fas a Betania, donde viv\u00eda L\u00e1zaro, a quien hab\u00eda resucitado de entre los muertos. All\u00ed le ofrecieron una cena; Marta serv\u00eda, y L\u00e1zaro era uno de los que estaban con \u00e9l a la mesa.<\/p>\n<p>Mar\u00eda tom\u00f3 una libra de perfume de nardo, aut\u00e9ntico y costoso, le ungi\u00f3 a Jes\u00fas los pies y se los enjug\u00f3 con su cabellera. Y la casa se llen\u00f3 de la fragancia del perfume.<\/p>\n<p>Judas Iscariote, uno de sus disc\u00edpulos, el que lo iba a entregar, dice:<br \/>\n\u00ab\u00bfPor qu\u00e9 no se ha vendido este perfume por trescientos denarios para d\u00e1rselos a los pobres?\u00bb.<\/p>\n<p>Esto lo dijo no porque le importasen los pobres, sino porque era un ladr\u00f3n; y como ten\u00eda la bolsa, se llevaba de lo que iban echando.<\/p>\n<p>Jes\u00fas dijo:<br \/>\n\u00abD\u00e9jala; lo ten\u00eda guardado para el d\u00eda de mi sepultura; porque a los pobres los ten\u00e9is siempre con vosotros, pero a m\u00ed no siempre me ten\u00e9is\u00bb.<\/p>\n<p>Una muchedumbre de jud\u00edos se enter\u00f3 de que estaba all\u00ed y fueron no solo por Jes\u00fas, sino tambi\u00e9n para ver a L\u00e1zaro, al que hab\u00eda resucitado de entre los muertos.<\/p>\n<p>Los sumos sacerdotes decidieron matar tambi\u00e9n a L\u00e1zaro, porque muchos jud\u00edos, por su causa, se les iban y cre\u00edan en Jes\u00fas.<\/p>\n","protected":false},"excerpt":{"rendered":"<p>Primera lectura Lectura del libro de Isa\u00edas 42, 1-7 &nbsp; Mirad a mi siervo, a quien sostengo; mi elegido, en quien me complazco. He puesto mi esp\u00edritu sobre \u00e9l, manifestar\u00e1&#8230;<\/p>\n","protected":false},"author":4,"featured_media":41945,"comment_status":"open","ping_status":"open","sticky":false,"template":"","format":"standard","meta":{"_acf_changed":false,"give_campaign_id":0,"footnotes":""},"categories":[69],"tags":[],"class_list":["post-41944","post","type-post","status-publish","format-standard","has-post-thumbnail","hentry","category-evangeliodiario"],"acf":[],"_links":{"self":[{"href":"https:\/\/iglesiadelourdes.com\/index.php\/wp-json\/wp\/v2\/posts\/41944","targetHints":{"allow":["GET"]}}],"collection":[{"href":"https:\/\/iglesiadelourdes.com\/index.php\/wp-json\/wp\/v2\/posts"}],"about":[{"href":"https:\/\/iglesiadelourdes.com\/index.php\/wp-json\/wp\/v2\/types\/post"}],"author":[{"embeddable":true,"href":"https:\/\/iglesiadelourdes.com\/index.php\/wp-json\/wp\/v2\/users\/4"}],"replies":[{"embeddable":true,"href":"https:\/\/iglesiadelourdes.com\/index.php\/wp-json\/wp\/v2\/comments?post=41944"}],"version-history":[{"count":1,"href":"https:\/\/iglesiadelourdes.com\/index.php\/wp-json\/wp\/v2\/posts\/41944\/revisions"}],"predecessor-version":[{"id":41946,"href":"https:\/\/iglesiadelourdes.com\/index.php\/wp-json\/wp\/v2\/posts\/41944\/revisions\/41946"}],"wp:featuredmedia":[{"embeddable":true,"href":"https:\/\/iglesiadelourdes.com\/index.php\/wp-json\/wp\/v2\/media\/41945"}],"wp:attachment":[{"href":"https:\/\/iglesiadelourdes.com\/index.php\/wp-json\/wp\/v2\/media?parent=41944"}],"wp:term":[{"taxonomy":"category","embeddable":true,"href":"https:\/\/iglesiadelourdes.com\/index.php\/wp-json\/wp\/v2\/categories?post=41944"},{"taxonomy":"post_tag","embeddable":true,"href":"https:\/\/iglesiadelourdes.com\/index.php\/wp-json\/wp\/v2\/tags?post=41944"}],"curies":[{"name":"wp","href":"https:\/\/api.w.org\/{rel}","templated":true}]}}