{"id":41938,"date":"2026-04-07T12:55:29","date_gmt":"2026-04-07T12:55:29","guid":{"rendered":"https:\/\/iglesiadelourdes.com\/?p=41938"},"modified":"2026-04-07T12:55:29","modified_gmt":"2026-04-07T12:55:29","slug":"28-de-marzo-del-2026","status":"publish","type":"post","link":"https:\/\/iglesiadelourdes.com\/index.php\/2026\/04\/07\/28-de-marzo-del-2026\/","title":{"rendered":"28 de marzo del 2026"},"content":{"rendered":"<h2>Primera lectura<\/h2>\n<h3>Lectura de la profec\u00eda de Ezequiel 37, 21-28<\/h3>\n<p>&nbsp;<\/p>\n<p>Esto dice el Se\u00f1or Dios:<\/p>\n<p>\u00abRecoger\u00e9 a los hijos de Israel de entre las naciones adonde han ido, los reunir\u00e9 de todas partes para llevarlos a su tierra. Los har\u00e1 una sola naci\u00f3n en mi tierra, en los montes de Israel. Un solo rey reinar\u00e1 sobre todos ellos. Ya no ser\u00e1n dos naciones ni volver\u00e1n a dividirse en dos reinos.<\/p>\n<p>No volver\u00e1n a contaminarse con sus \u00eddolos, sus acciones detestables y todas sus transgresiones. Los liberar\u00e9 de los lugares donde habitan y en los cuales pecaron. Los purificar\u00e9; ellos ser\u00e1n mi pueblo y yo ser\u00e9 su Dios.<\/p>\n<p>Mi siervo David ser\u00e1 su rey, el \u00fanico pastor de todos ellos. Caminar\u00e1n seg\u00fan mis preceptos, cumplir\u00e1n mis prescripciones y las pondr\u00e1n en pr\u00e1ctica. Habitar\u00e1n en la tierra que yo di a mi siervo Jacob, en la que habitaron sis padres: all\u00ed habitar\u00e1n ellos, sus hijos y los hijos de sus hijos para siempre, y mi siervo David ser\u00e1 su pr\u00edncipe para siempre.<\/p>\n<p>Har\u00e9 con ellos una alianza de paz, una alianza eterna. Los establecer\u00e9, los multiplicar\u00e9 y pondr\u00e9 entre ellos mi santuario para siempre; tendr\u00e9 mi morada junto a ellos, yo ser\u00e9 su Dios, y ellos ser\u00e1n mi pueblo. Y reconocer\u00e1n las naciones que yo soy el Se\u00f1or que consagra Israel, cuando est\u00e9 mi santuario en medio de ellos para siempre\u00bb.<\/p>\n<p>&nbsp;<\/p>\n<h2>Salmo de hoy<\/h2>\n<h3>Jer 31, 10. 11-12ab. 13 R\/. El Se\u00f1or nos guardar\u00e1 como un pastor a su reba\u00f1o<\/h3>\n<p>&nbsp;<\/p>\n<p>Escuchad, pueblos, la palabra del Se\u00f1or,<br \/>\nanunciadla a las islas remotas:<br \/>\n\u00abEl que dispers\u00f3 a Israel lo reunir\u00e1,<br \/>\nlo guardar\u00e1 como un pastor a su reba\u00f1o. R\/.<\/p>\n<p>Porque el Se\u00f1or redimi\u00f3 a Jacob,<br \/>\nlo rescat\u00f3 de una mano m\u00e1s fuerte\u00bb.<br \/>\nVendr\u00e1n con aclamaciones a la altura de Si\u00f3n,<br \/>\nafluir\u00e1n hacia los bienes del Se\u00f1or. R\/.<\/p>\n<p>Entonces se alegrar\u00e1 la doncella en la danza,<br \/>\ngozar\u00e1n los j\u00f3venes y los viejos;<br \/>\nconvertir\u00e9 su tristeza en gozo,<br \/>\nlos alegrar\u00e9 y aliviar\u00e9 sus penas. R\/.<\/p>\n<p>&nbsp;<\/p>\n<h2>Evangelio del d\u00eda<\/h2>\n<h3>Lectura del santo evangelio seg\u00fan san Juan 11, 45-57<\/h3>\n<p>&nbsp;<\/p>\n<p>En aquel tiempo, muchos jud\u00edos que hab\u00edan venido a casa de Mar\u00eda, al ver lo que hab\u00eda hecho Jes\u00fas, creyeron en \u00e9l. Pero algunos acudieron a los fariseos y les contaron lo que hab\u00eda hecho Jes\u00fas.<\/p>\n<p>Los sumos sacerdotes y los fariseos convocaron el Sanedr\u00edn y dijeron:<br \/>\n\u00ab\u00bfQu\u00e9 hacemos? Este hombre hace muchos signos. Si lo dejamos seguir, todos creer\u00e1n en \u00e9l, y vendr\u00e1n los romanos y nos destruir\u00e1n el lugar santo y la naci\u00f3n\u00bb.<\/p>\n<p>Uno de ellos, Caif\u00e1s, que era sumo sacerdote aquel a\u00f1o, les dijo:<br \/>\n\u00abVosotros no entend\u00e9is ni palabra; no comprend\u00e9is que os conviene que uno muera por el pueblo, y que no perezca la naci\u00f3n entera\u00bb.<\/p>\n<p>Esto no lo dijo por propio impulso, sino que, por ser sumo sacerdote aquel a\u00f1o, habl\u00f3 prof\u00e9ticamente, anunciando que Jes\u00fas iba a morir por la naci\u00f3n; y no solo por la naci\u00f3n, sino tambi\u00e9n para reunir a los hijos de Dios dispersos.<\/p>\n<p>Y aquel d\u00eda decidieron darle muerte. Por eso Jes\u00fas ya no andaba p\u00fablicamente entre los jud\u00edos, sino que se retir\u00f3 a la regi\u00f3n vecina al desierto, a una ciudad llamada Efra\u00edn, y pasaba all\u00ed el tiempo con los disc\u00edpulos.<\/p>\n<p>Se acercaba la Pascua de los jud\u00edos, y muchos de aquella regi\u00f3n sub\u00edan a Jerusal\u00e9n, antes de la Pascua, para purificarse. Buscaban a Jes\u00fas y, estando en el templo, se preguntaban:<br \/>\n\u00ab\u00bfQu\u00e9 os parece? \u00bfVendr\u00e1 a la fiesta?\u00bb.<\/p>\n<p>Los sumos sacerdotes y fariseos hab\u00edan mandado que el que se enterase de d\u00f3nde estaba les avisara para prenderlo.<\/p>\n","protected":false},"excerpt":{"rendered":"<p>Primera lectura Lectura de la profec\u00eda de Ezequiel 37, 21-28 &nbsp; Esto dice el Se\u00f1or Dios: \u00abRecoger\u00e9 a los hijos de Israel de entre las naciones adonde han ido, los&#8230;<\/p>\n","protected":false},"author":4,"featured_media":41939,"comment_status":"open","ping_status":"open","sticky":false,"template":"","format":"standard","meta":{"_acf_changed":false,"give_campaign_id":0,"footnotes":""},"categories":[69],"tags":[],"class_list":["post-41938","post","type-post","status-publish","format-standard","has-post-thumbnail","hentry","category-evangeliodiario"],"acf":[],"_links":{"self":[{"href":"https:\/\/iglesiadelourdes.com\/index.php\/wp-json\/wp\/v2\/posts\/41938","targetHints":{"allow":["GET"]}}],"collection":[{"href":"https:\/\/iglesiadelourdes.com\/index.php\/wp-json\/wp\/v2\/posts"}],"about":[{"href":"https:\/\/iglesiadelourdes.com\/index.php\/wp-json\/wp\/v2\/types\/post"}],"author":[{"embeddable":true,"href":"https:\/\/iglesiadelourdes.com\/index.php\/wp-json\/wp\/v2\/users\/4"}],"replies":[{"embeddable":true,"href":"https:\/\/iglesiadelourdes.com\/index.php\/wp-json\/wp\/v2\/comments?post=41938"}],"version-history":[{"count":1,"href":"https:\/\/iglesiadelourdes.com\/index.php\/wp-json\/wp\/v2\/posts\/41938\/revisions"}],"predecessor-version":[{"id":41940,"href":"https:\/\/iglesiadelourdes.com\/index.php\/wp-json\/wp\/v2\/posts\/41938\/revisions\/41940"}],"wp:featuredmedia":[{"embeddable":true,"href":"https:\/\/iglesiadelourdes.com\/index.php\/wp-json\/wp\/v2\/media\/41939"}],"wp:attachment":[{"href":"https:\/\/iglesiadelourdes.com\/index.php\/wp-json\/wp\/v2\/media?parent=41938"}],"wp:term":[{"taxonomy":"category","embeddable":true,"href":"https:\/\/iglesiadelourdes.com\/index.php\/wp-json\/wp\/v2\/categories?post=41938"},{"taxonomy":"post_tag","embeddable":true,"href":"https:\/\/iglesiadelourdes.com\/index.php\/wp-json\/wp\/v2\/tags?post=41938"}],"curies":[{"name":"wp","href":"https:\/\/api.w.org\/{rel}","templated":true}]}}