{"id":41935,"date":"2026-04-07T12:52:36","date_gmt":"2026-04-07T12:52:36","guid":{"rendered":"https:\/\/iglesiadelourdes.com\/?p=41935"},"modified":"2026-04-07T12:52:36","modified_gmt":"2026-04-07T12:52:36","slug":"27-de-marzo-del-2026","status":"publish","type":"post","link":"https:\/\/iglesiadelourdes.com\/index.php\/2026\/04\/07\/27-de-marzo-del-2026\/","title":{"rendered":"27 de marzo del 2026"},"content":{"rendered":"<h2>Primera lectura<\/h2>\n<h3>Lectura del libro de Jerem\u00edas 20, 10-13<\/h3>\n<p>&nbsp;<\/p>\n<p>O\u00eda la acusaci\u00f3n de la gente:<br \/>\n\u00ab\u201cPavor-en-torno\u201d,<br \/>\ndelatadlo, vamos a delatarlo\u00bb.<\/p>\n<p>Mis amigos acechaban mi traspi\u00e9:<br \/>\n\u00abA ver si, enga\u00f1ado, lo sometemos<br \/>\ny podemos vengarnos de \u00e9l\u00bb.<\/p>\n<p>Pero el Se\u00f1or es mi fuerte defensor:<br \/>\nme persiguen, pero tropiezan impotentes.<\/p>\n<p>Acabar\u00e1n avergonzados de su fracaso,<br \/>\ncon sonrojo eterno que no se olvidar\u00e1.<\/p>\n<p>Se\u00f1or del universo, que examinas al honrado<br \/>\ny sondeas las entra\u00f1as y el coraz\u00f3n,<br \/>\n\u00a1que yo vea tu venganza sobre ellos,<br \/>\npues te he encomendado mi causa!<\/p>\n<p>Cantad al Se\u00f1or, alabad al Se\u00f1or,<br \/>\nque libera la vida del pobre<br \/>\nde las manos de gente perversa.<\/p>\n<p>&nbsp;<\/p>\n<h2>Salmo de hoy<\/h2>\n<h3>Salmo 17, 2-3a. 3bc-4. 5-6. 7 R\/. En el peligro invoqu\u00e9 al Se\u00f1or, y \u00e9l me escuch\u00f3<\/h3>\n<p>&nbsp;<\/p>\n<p>Yo te amo, Se\u00f1or; t\u00fa eres mi fortaleza;<br \/>\nSe\u00f1or, mi roca, mi alc\u00e1zar, mi libertador. R\/.<\/p>\n<p>Dios m\u00edo, pe\u00f1a m\u00eda, refugio m\u00edo,<br \/>\nescudo m\u00edo, mi fuerza salvadora, mi baluarte.<br \/>\nInvoco al Se\u00f1or de mi alabanza<br \/>\ny quedo libre de mis enemigos. R\/.<\/p>\n<p>Me cercaban olas mortales,<br \/>\ntorrentes destructores me aterraban,<br \/>\nme envolv\u00edan las redes del abismo,<br \/>\nme alcanzaban los lazos de la muerte. R\/.<\/p>\n<p>En el peligro invoqu\u00e9 al Se\u00f1or,<br \/>\ngrit\u00e9 a mi Dios:<br \/>\ndesde su templo \u00e9l escuch\u00f3 mi voz,<br \/>\ny mi grito lleg\u00f3 a sus o\u00eddos. R\/.<\/p>\n<p>&nbsp;<\/p>\n<h2>Evangelio del d\u00eda<\/h2>\n<h3>Lectura del santo evangelio seg\u00fan san Juan 10, 31-42<\/h3>\n<p>&nbsp;<\/p>\n<p>En aquel tiempo, los jud\u00edos agarraron piedras para apedrear a Jes\u00fas.<\/p>\n<p>\u00c9l les replic\u00f3:<br \/>\n\u00abOs he hecho ver muchas obras buenas por encargo de mi Padre: \u00bfpor cu\u00e1l de ellas me apedre\u00e1is?\u00bb.<\/p>\n<p>Los jud\u00edos le contestaron:<br \/>\n\u00abNo te apedreamos por una obra buena, sino por una blasfemia: porque t\u00fa, siendo un hombre, te haces Dios\u00bb.<\/p>\n<p>Jes\u00fas les replic\u00f3:<br \/>\n\u00ab\u00bfNo est\u00e1 escrito en vuestra ley: \u201cYo os digo: sois dioses\u201d? Si la Escritura llama dioses a aquellos a quienes vino la palabra de Dios, y no puede fallar la Escritura, a quien el Padre consagr\u00f3 y envi\u00f3 al mundo, \u00bfdec\u00eds vosotros: \u201c\u00a1Blasfemas!\u201d Porque he dicho: \u201cSoy Hijo de Dios\u201d? Si no hago las obras de mi Padre, no me cre\u00e1is, pero si las hago, aunque no me cre\u00e1is a m\u00ed, creed a las obras, para que comprend\u00e1is y sep\u00e1is que el Padre est\u00e1 en m\u00ed, y yo en el Padre\u00bb.<\/p>\n<p>Intentaron de nuevo detenerlo, pero se les escabull\u00f3 de las manos. Se march\u00f3 de nuevo al otro lado del Jord\u00e1n, al lugar donde antes hab\u00eda bautizado Juan, y se qued\u00f3 all\u00ed.<\/p>\n<p>Muchos acudieron a \u00e9l y dec\u00edan:<br \/>\n\u00abJuan no hizo ning\u00fan signo; pero todo lo que Juan dijo de este era verdad\u00bb.<\/p>\n<p>Y muchos creyeron en \u00e9l all\u00ed.<\/p>\n","protected":false},"excerpt":{"rendered":"<p>Primera lectura Lectura del libro de Jerem\u00edas 20, 10-13 &nbsp; O\u00eda la acusaci\u00f3n de la gente: \u00ab\u201cPavor-en-torno\u201d, delatadlo, vamos a delatarlo\u00bb. Mis amigos acechaban mi traspi\u00e9: \u00abA ver si, enga\u00f1ado,&#8230;<\/p>\n","protected":false},"author":4,"featured_media":41936,"comment_status":"open","ping_status":"open","sticky":false,"template":"","format":"standard","meta":{"_acf_changed":false,"give_campaign_id":0,"footnotes":""},"categories":[69],"tags":[],"class_list":["post-41935","post","type-post","status-publish","format-standard","has-post-thumbnail","hentry","category-evangeliodiario"],"acf":[],"_links":{"self":[{"href":"https:\/\/iglesiadelourdes.com\/index.php\/wp-json\/wp\/v2\/posts\/41935","targetHints":{"allow":["GET"]}}],"collection":[{"href":"https:\/\/iglesiadelourdes.com\/index.php\/wp-json\/wp\/v2\/posts"}],"about":[{"href":"https:\/\/iglesiadelourdes.com\/index.php\/wp-json\/wp\/v2\/types\/post"}],"author":[{"embeddable":true,"href":"https:\/\/iglesiadelourdes.com\/index.php\/wp-json\/wp\/v2\/users\/4"}],"replies":[{"embeddable":true,"href":"https:\/\/iglesiadelourdes.com\/index.php\/wp-json\/wp\/v2\/comments?post=41935"}],"version-history":[{"count":1,"href":"https:\/\/iglesiadelourdes.com\/index.php\/wp-json\/wp\/v2\/posts\/41935\/revisions"}],"predecessor-version":[{"id":41937,"href":"https:\/\/iglesiadelourdes.com\/index.php\/wp-json\/wp\/v2\/posts\/41935\/revisions\/41937"}],"wp:featuredmedia":[{"embeddable":true,"href":"https:\/\/iglesiadelourdes.com\/index.php\/wp-json\/wp\/v2\/media\/41936"}],"wp:attachment":[{"href":"https:\/\/iglesiadelourdes.com\/index.php\/wp-json\/wp\/v2\/media?parent=41935"}],"wp:term":[{"taxonomy":"category","embeddable":true,"href":"https:\/\/iglesiadelourdes.com\/index.php\/wp-json\/wp\/v2\/categories?post=41935"},{"taxonomy":"post_tag","embeddable":true,"href":"https:\/\/iglesiadelourdes.com\/index.php\/wp-json\/wp\/v2\/tags?post=41935"}],"curies":[{"name":"wp","href":"https:\/\/api.w.org\/{rel}","templated":true}]}}