{"id":41932,"date":"2026-04-07T12:47:15","date_gmt":"2026-04-07T12:47:15","guid":{"rendered":"https:\/\/iglesiadelourdes.com\/?p=41932"},"modified":"2026-04-07T12:47:15","modified_gmt":"2026-04-07T12:47:15","slug":"26-de-marzo-del-2026","status":"publish","type":"post","link":"https:\/\/iglesiadelourdes.com\/index.php\/2026\/04\/07\/26-de-marzo-del-2026\/","title":{"rendered":"26 de marzo del 2026"},"content":{"rendered":"<h2>Primera lectura<\/h2>\n<h3>Lectura del libro del G\u00e9nesis 17, 3-9<\/h3>\n<p>&nbsp;<\/p>\n<p>En aquellos d\u00edas, Abr\u00e1n cay\u00f3 rostro en tierra y Dios le habl\u00f3 as\u00ed:<br \/>\n\u00abPor mi parte, esta es mi alianza contigo: ser\u00e1s padre de muchedumbre de pueblos.<\/p>\n<p>Ya no te llamar\u00e1s Abr\u00e1n, sino Abrah\u00e1n, porque te hago padre de muchedumbre de pueblos. Te har\u00e9 fecundo sobremanera: sacar\u00e9 pueblos de ti, y reyes nacer\u00e1n de ti.<\/p>\n<p>Mantendr\u00e9 mi alianza contigo y con tu descendencia en futuras generaciones, como alianza perpetua. Ser\u00e9 tu Dios y el de tus descendientes futuros. Os dar\u00e9 a ti y a tu descendencia futura la tierra en que peregrinas, la tierra de Cana\u00e1n, como posesi\u00f3n perpetua, y ser\u00e9 su Dios\u00bb.<\/p>\n<p>El Se\u00f1or a\u00f1adi\u00f3 a Abrah\u00e1n:<br \/>\n\u00abPor tu parte, guarda mi alianza, t\u00fa y tus descendientes en sucesivas generaciones\u00bb.<\/p>\n<p>&nbsp;<\/p>\n<h2>Salmo de hoy<\/h2>\n<h3>Salmo 104, 4-5. 6-7. 8-9 R\/. El Se\u00f1or se acuerda de su alianza eternamente<\/h3>\n<p>&nbsp;<\/p>\n<p>Recurrid al Se\u00f1or y a su poder,<br \/>\nbuscad continuamente su rostro.<br \/>\nRecordad las maravillas que hizo,<br \/>\nsus prodigios, las sentencias de su boca. R\/.<\/p>\n<p>\u00a1Estirpe de Abrah\u00e1n, su siervo;<br \/>\nhijos de Jacob, su elegido!<br \/>\nEl Se\u00f1or es nuestro Dios,<br \/>\n\u00e9l gobierna toda la tierra. R\/.<\/p>\n<p>Se acuerda de su alianza eternamente,<br \/>\nde la palabra dada, por mil generaciones;<br \/>\nde la alianza sellada con Abrah\u00e1n,<br \/>\ndel juramento hecho a Isaac. R\/.<\/p>\n<p>&nbsp;<\/p>\n<h2>Evangelio del d\u00eda<\/h2>\n<h3>Lectura del santo evangelio seg\u00fan san Juan 8, 51-59<\/h3>\n<p>&nbsp;<\/p>\n<p>En aquel tiempo, dijo Jes\u00fas a los jud\u00edos:<br \/>\n\u00abEn verdad, en verdad os digo: quien guarda mi palabra no ver\u00e1 la muerte para siempre\u00bb.<\/p>\n<p>Los jud\u00edos le dijeron:<br \/>\n\u00abAhora vemos claro que est\u00e1s endemoniado; Abrah\u00e1n muri\u00f3, los profetas tambi\u00e9n, \u00bfy t\u00fa dices: \u201cQuien guarde mi palabra no gustar\u00e1 la muerte para siempre\u201d? \u00bfEres t\u00fa m\u00e1s que nuestro padre Abrah\u00e1n, que muri\u00f3? Tambi\u00e9n los profetas murieron, \u00bfpor qui\u00e9n te tienes?\u00bb.<\/p>\n<p>Jes\u00fas contest\u00f3:<br \/>\n\u00abSi yo me glorificara a m\u00ed mismo, mi gloria no valdr\u00eda nada. El que me glorifica es mi Padre, de quien vosotros dec\u00eds: \u201cEs nuestro Dios\u201d, aunque no lo conoc\u00e9is. Yo s\u00ed lo conozco, y si dijera \u201cNo lo conozco\u201d ser\u00eda, como vosotros, un embustero; pero yo lo conozco y guardo su palabra. Abrah\u00e1n, vuestro padre, saltaba de gozo pensando ver mi d\u00eda; lo vio, y se llen\u00f3 de alegr\u00eda\u00bb.<\/p>\n<p>Los jud\u00edos le dijeron:<br \/>\n\u00abNo tienes todav\u00eda cincuenta a\u00f1os, \u00bfy has visto a Abrah\u00e1n?\u00bb.<\/p>\n<p>Jes\u00fas les dijo:<br \/>\n\u00abEn verdad, en verdad os digo: antes de que Abrah\u00e1n existiera, yo soy\u00bb.<\/p>\n<p>Entonces cogieron piedras para tir\u00e1rselas, pero Jes\u00fas se escondi\u00f3 y sali\u00f3 del templo.<\/p>\n","protected":false},"excerpt":{"rendered":"<p>Primera lectura Lectura del libro del G\u00e9nesis 17, 3-9 &nbsp; En aquellos d\u00edas, Abr\u00e1n cay\u00f3 rostro en tierra y Dios le habl\u00f3 as\u00ed: \u00abPor mi parte, esta es mi alianza&#8230;<\/p>\n","protected":false},"author":4,"featured_media":41933,"comment_status":"open","ping_status":"open","sticky":false,"template":"","format":"standard","meta":{"_acf_changed":false,"give_campaign_id":0,"footnotes":""},"categories":[69],"tags":[],"class_list":["post-41932","post","type-post","status-publish","format-standard","has-post-thumbnail","hentry","category-evangeliodiario"],"acf":[],"_links":{"self":[{"href":"https:\/\/iglesiadelourdes.com\/index.php\/wp-json\/wp\/v2\/posts\/41932","targetHints":{"allow":["GET"]}}],"collection":[{"href":"https:\/\/iglesiadelourdes.com\/index.php\/wp-json\/wp\/v2\/posts"}],"about":[{"href":"https:\/\/iglesiadelourdes.com\/index.php\/wp-json\/wp\/v2\/types\/post"}],"author":[{"embeddable":true,"href":"https:\/\/iglesiadelourdes.com\/index.php\/wp-json\/wp\/v2\/users\/4"}],"replies":[{"embeddable":true,"href":"https:\/\/iglesiadelourdes.com\/index.php\/wp-json\/wp\/v2\/comments?post=41932"}],"version-history":[{"count":1,"href":"https:\/\/iglesiadelourdes.com\/index.php\/wp-json\/wp\/v2\/posts\/41932\/revisions"}],"predecessor-version":[{"id":41934,"href":"https:\/\/iglesiadelourdes.com\/index.php\/wp-json\/wp\/v2\/posts\/41932\/revisions\/41934"}],"wp:featuredmedia":[{"embeddable":true,"href":"https:\/\/iglesiadelourdes.com\/index.php\/wp-json\/wp\/v2\/media\/41933"}],"wp:attachment":[{"href":"https:\/\/iglesiadelourdes.com\/index.php\/wp-json\/wp\/v2\/media?parent=41932"}],"wp:term":[{"taxonomy":"category","embeddable":true,"href":"https:\/\/iglesiadelourdes.com\/index.php\/wp-json\/wp\/v2\/categories?post=41932"},{"taxonomy":"post_tag","embeddable":true,"href":"https:\/\/iglesiadelourdes.com\/index.php\/wp-json\/wp\/v2\/tags?post=41932"}],"curies":[{"name":"wp","href":"https:\/\/api.w.org\/{rel}","templated":true}]}}