{"id":41926,"date":"2026-04-07T12:41:18","date_gmt":"2026-04-07T12:41:18","guid":{"rendered":"https:\/\/iglesiadelourdes.com\/?p=41926"},"modified":"2026-04-07T12:41:18","modified_gmt":"2026-04-07T12:41:18","slug":"24-de-marzo-del-2026","status":"publish","type":"post","link":"https:\/\/iglesiadelourdes.com\/index.php\/2026\/04\/07\/24-de-marzo-del-2026\/","title":{"rendered":"24 de marzo del 2026"},"content":{"rendered":"<h2>Primera lectura<\/h2>\n<h3>Lectura del libro de los N\u00fameros 21, 4-9<\/h3>\n<p>&nbsp;<\/p>\n<p>En aquellos d\u00edas, desde el monte Hor se encaminaron los hebreos hacia el mar Rojo, rodeando el territorio de Ed\u00f3n.<\/p>\n<p>El pueblo se cans\u00f3 de caminar y habl\u00f3 contra Dios y contra Mois\u00e9s:<br \/>\n\u00ab\u00bfPor qu\u00e9 nos has sacado de Egipto para morir en el desierto? No tenemos ni pan ni agua, y nos da n\u00e1useas ese pan sin sustancia\u00bb.<\/p>\n<p>El Se\u00f1or envi\u00f3 contra el pueblo serpientes abrasadoras, que los mord\u00edan, y murieron muchos de Israel.<\/p>\n<p>Entonces el pueblo acudi\u00f3 a Mois\u00e9s, diciendo:<br \/>\n\u00abHemos pecado hablando contra el Se\u00f1or y contra ti; reza al Se\u00f1or para que aparte de nosotros las serpientes\u00bb.<\/p>\n<p>Mois\u00e9s rez\u00f3 al Se\u00f1or por el pueblo y el Se\u00f1or le respondi\u00f3:<br \/>\n\u00abHaz una serpiente abrasadora y col\u00f3cala en un estandarte: los mordidos de serpientes quedar\u00e1n sanos al mirarla\u00bb.<\/p>\n<p>Mois\u00e9s hizo una serpiente de bronce y la coloc\u00f3 en un estandarte. Cuando una serpiente mord\u00eda a alguien, este miraba a la serpiente de bronce y salvaba la vida.<\/p>\n<p>&nbsp;<\/p>\n<h2>Salmo de hoy<\/h2>\n<h3>Salmo 101, 2-3. 16-18. 19-21 R\/. Se\u00f1or, escucha mi oraci\u00f3n, que mi grito llegue hasta ti<\/h3>\n<p>&nbsp;<\/p>\n<p>Se\u00f1or, escucha mi oraci\u00f3n,<br \/>\nque mi grito llegue hasta ti;<br \/>\nno me escondas tu rostro<br \/>\nel d\u00eda de la desgracia.<br \/>\nInclina tu o\u00eddo hacia m\u00ed;<br \/>\ncuando te invoco,<br \/>\nesc\u00fachame enseguida. R\/.<\/p>\n<p>Los gentiles temer\u00e1n tu nombre,<br \/>\nlos reyes del mundo, tu gloria.<br \/>\nCuando el Se\u00f1or reconstruya Si\u00f3n<br \/>\ny aparezca en su gloria,<br \/>\ny se vuelva a las s\u00faplicas de los indefensos,<br \/>\ny no desprecie sus peticiones. R\/.<\/p>\n<p>Quede esto escrito para la generaci\u00f3n futura,<br \/>\ny el pueblo que ser\u00e1 creado alabar\u00e1 al Se\u00f1or.<br \/>\nQue el Se\u00f1or ha mirado desde su excelso santuario,<br \/>\ndesde el cielo se ha fijado en la tierra,<br \/>\npara escuchar los gemidos de los cautivos<br \/>\ny librar a los condenados a muerte. R\/.<\/p>\n<p>&nbsp;<\/p>\n<h2>Evangelio del d\u00eda<\/h2>\n<h3>Lectura del santo evangelio seg\u00fan san Juan 8, 21-30<\/h3>\n<p>&nbsp;<\/p>\n<p>En aquel tiempo, dijo Jes\u00fas a los fariseos:<br \/>\n\u00abYo me voy y me buscar\u00e9is, y morir\u00e9is por vuestro pecado. Donde yo voy no pod\u00e9is venir vosotros\u00bb.<\/p>\n<p>Y los jud\u00edos comentaban:<br \/>\n\u00ab\u00bfSer\u00e1 que va a suicidarse, y por eso dice: \u201cDonde yo voy no pod\u00e9is venir vosotros\u201d?\u00bb.<\/p>\n<p>Y \u00e9l les dijo:<br \/>\n\u00abVosotros sois de aqu\u00ed abajo, yo soy de all\u00e1 arriba: vosotros sois de este mundo, yo no soy de este mundo. Con raz\u00f3n os he dicho que morir\u00e9is en vuestros pecados: pues, si no cre\u00e9is que Yo soy, morir\u00e9is en vuestros pecados\u00bb.<\/p>\n<p>Ellos le dec\u00edan:<br \/>\n\u00ab\u00bfQui\u00e9n eres t\u00fa?\u00bb.<\/p>\n<p>Jes\u00fas les contest\u00f3:<br \/>\n\u00abLo que os estoy diciendo desde el principio. Podr\u00eda decir y condenar muchas cosas en vosotros; pero el que me ha enviado es veraz, y yo comunico al mundo lo que he aprendido de \u00e9l\u00bb.<\/p>\n<p>Ellos no comprendieron que les hablaba del Padre.<\/p>\n<p>Y entonces dijo Jes\u00fas:<br \/>\n\u00abCuando levant\u00e9is en alto al Hijo del hombre, sabr\u00e9is que \u201cYo soy\u201d, y que no hago nada por mi cuenta, sino que hablo como el Padre me ha ense\u00f1ado. El que me envi\u00f3 est\u00e1 conmigo, no me ha dejado solo; porque yo hago siempre lo que le agrada\u00bb.<\/p>\n<p>Cuando les expon\u00eda esto, muchos creyeron en \u00e9l.<\/p>\n","protected":false},"excerpt":{"rendered":"<p>Primera lectura Lectura del libro de los N\u00fameros 21, 4-9 &nbsp; En aquellos d\u00edas, desde el monte Hor se encaminaron los hebreos hacia el mar Rojo, rodeando el territorio de&#8230;<\/p>\n","protected":false},"author":4,"featured_media":41927,"comment_status":"open","ping_status":"open","sticky":false,"template":"","format":"standard","meta":{"_acf_changed":false,"give_campaign_id":0,"footnotes":""},"categories":[69],"tags":[],"class_list":["post-41926","post","type-post","status-publish","format-standard","has-post-thumbnail","hentry","category-evangeliodiario"],"acf":[],"_links":{"self":[{"href":"https:\/\/iglesiadelourdes.com\/index.php\/wp-json\/wp\/v2\/posts\/41926","targetHints":{"allow":["GET"]}}],"collection":[{"href":"https:\/\/iglesiadelourdes.com\/index.php\/wp-json\/wp\/v2\/posts"}],"about":[{"href":"https:\/\/iglesiadelourdes.com\/index.php\/wp-json\/wp\/v2\/types\/post"}],"author":[{"embeddable":true,"href":"https:\/\/iglesiadelourdes.com\/index.php\/wp-json\/wp\/v2\/users\/4"}],"replies":[{"embeddable":true,"href":"https:\/\/iglesiadelourdes.com\/index.php\/wp-json\/wp\/v2\/comments?post=41926"}],"version-history":[{"count":1,"href":"https:\/\/iglesiadelourdes.com\/index.php\/wp-json\/wp\/v2\/posts\/41926\/revisions"}],"predecessor-version":[{"id":41928,"href":"https:\/\/iglesiadelourdes.com\/index.php\/wp-json\/wp\/v2\/posts\/41926\/revisions\/41928"}],"wp:featuredmedia":[{"embeddable":true,"href":"https:\/\/iglesiadelourdes.com\/index.php\/wp-json\/wp\/v2\/media\/41927"}],"wp:attachment":[{"href":"https:\/\/iglesiadelourdes.com\/index.php\/wp-json\/wp\/v2\/media?parent=41926"}],"wp:term":[{"taxonomy":"category","embeddable":true,"href":"https:\/\/iglesiadelourdes.com\/index.php\/wp-json\/wp\/v2\/categories?post=41926"},{"taxonomy":"post_tag","embeddable":true,"href":"https:\/\/iglesiadelourdes.com\/index.php\/wp-json\/wp\/v2\/tags?post=41926"}],"curies":[{"name":"wp","href":"https:\/\/api.w.org\/{rel}","templated":true}]}}