{"id":41920,"date":"2026-04-07T12:34:48","date_gmt":"2026-04-07T12:34:48","guid":{"rendered":"https:\/\/iglesiadelourdes.com\/?p=41920"},"modified":"2026-04-07T12:34:48","modified_gmt":"2026-04-07T12:34:48","slug":"22-de-marzo-del-2026","status":"publish","type":"post","link":"https:\/\/iglesiadelourdes.com\/index.php\/2026\/04\/07\/22-de-marzo-del-2026\/","title":{"rendered":"22 de marzo del 2026"},"content":{"rendered":"<h2>Primera lectura<\/h2>\n<h3>Lectura de la profec\u00eda de Ezequiel 37, 12-14<\/h3>\n<p>&nbsp;<\/p>\n<p>Esto dice el Se\u00f1or Dios:<br \/>\n\u00abYo mismo abrir\u00e9 vuestros sepulcros, y os sacar\u00e9 de ellos, pueblo m\u00edo, y os llevar\u00e9 a la tierra de Israel.<\/p>\n<p>Y cuando abra vuestros sepulcros y os saque de ellos, pueblo m\u00edo, comprender\u00e9is que soy el Se\u00f1or.<\/p>\n<p>Pondr\u00e9 mi esp\u00edritu en vosotros y vivir\u00e9is; os establecer\u00e9 en vuestra tierra y comprender\u00e9is que yo, el Se\u00f1or, lo digo y lo hago -or\u00e1culo del Se\u00f1or-\u00bb.<\/p>\n<p>&nbsp;<\/p>\n<h2>Salmo<\/h2>\n<h3>Salmo 129, 1-2. 3-4ab. 4c-6. 7-8 R\/. Del Se\u00f1or viene la misericordia, la redenci\u00f3n copiosa<\/h3>\n<p>&nbsp;<\/p>\n<p>Desde lo hondo a ti grito, Se\u00f1or;<br \/>\nSe\u00f1or, escucha mi voz,<br \/>\nest\u00e9n tus o\u00eddos atentos<br \/>\na la voz de mi s\u00faplica. R\/.<\/p>\n<p>Si llevas cuentas de los delitos, Se\u00f1or,<br \/>\n\u00bfqui\u00e9n podr\u00e1 resistir?<br \/>\nPero de ti procede el perd\u00f3n,<br \/>\ny as\u00ed infundes respeto. R\/.<\/p>\n<p>Mi alma espera en el Se\u00f1or,<br \/>\nespera en su palabra;<br \/>\nmi alma aguarda al Se\u00f1or,<br \/>\nm\u00e1s que el centinela la aurora.<br \/>\nAguarde Israel al Se\u00f1or,<br \/>\ncomo el centinela la aurora. R\/.<\/p>\n<p>Porque del Se\u00f1or viene la misericordia,<br \/>\nla redenci\u00f3n copiosa;<br \/>\ny \u00e9l redimir\u00e1 a Israel<br \/>\nde todos sus delitos. R\/.<\/p>\n<p>&nbsp;<\/p>\n<h2>Segunda lectura<\/h2>\n<h3>Lectura de la carta del ap\u00f3stol san Pablo a los Romanos 8, 8-11<\/h3>\n<p>&nbsp;<\/p>\n<p>Hermanos:<\/p>\n<p>Los que viven sujetos a la carne no pueden agradar a Dios. Pero vosotros no est\u00e1is sujetos a la carne, sino al esp\u00edritu, ya que el Esp\u00edritu de Dios habita en vosotros. El que no tiene el Esp\u00edritu de Cristo no es de Cristo.<\/p>\n<p>Pues bien, si Cristo est\u00e1 en vosotros, el cuerpo est\u00e1 muerto por el pecado, pero el esp\u00edritu vive por la justificaci\u00f3n obtenida. Si el Esp\u00edritu del que resucit\u00f3 a Jes\u00fas de entre los muertos habita en vosotros, el que resucit\u00f3 de entre los muertos a Cristo Jes\u00fas vivificar\u00e1 tambi\u00e9n vuestros cuerpos mortales, por el mismo Esp\u00edritu que habita en vosotros.<\/p>\n<div class=\"row pred_video cinto-whats\">\n<div class=\"col-xs-12 col-md-4 col-lg-3\">\n<p class=\"text-center suscripcion margin-15\">\n<\/div>\n<\/div>\n<h2>Evangelio del d\u00eda<\/h2>\n<h3>Lectura del santo evangelio seg\u00fan san Juan 11, 3-7. 17. 20-27. 33-45<\/h3>\n<p>&nbsp;<\/p>\n<p>En aquel tiempo, las hermanas de L\u00e1zaro le mandaron recado a Jes\u00fas diciendo:<br \/>\n\u00abSe\u00f1or, el que t\u00fa amas est\u00e1 enfermo\u00bb.<\/p>\n<p>Jes\u00fas, al o\u00edrlo, dijo:<br \/>\n\u00abEsta enfermedad no es para la muerte, sino que servir\u00e1 para la gloria de Dios, para que el Hijo de Dios sea glorificado por ella\u00bb.<\/p>\n<p>Jes\u00fas amaba a Marta, a su hermana y a L\u00e1zaro. Cuando se enter\u00f3 de que estaba enfermo se qued\u00f3 todav\u00eda dos d\u00edas donde estaba.<\/p>\n<p>Solo entonces dijo a sus disc\u00edpulos:<br \/>\n\u00abVamos otra vez a Judea\u00bb.<\/p>\n<p>Cuando Jes\u00fas lleg\u00f3, L\u00e1zaro llevaba ya cuatro d\u00edas enterrado. Cuando Marta se enter\u00f3 de que llegaba Jes\u00fas, sali\u00f3 a su encuentro, mientras Mar\u00eda se qued\u00f3 en casa.<\/p>\n<p>Y dijo Marta a Jes\u00fas:<br \/>\n\u00abSe\u00f1or, si hubieras estado aqu\u00ed no habr\u00eda muerto mi hermano. Pero a\u00fan ahora s\u00e9 que todo lo que pidas a Dios, Dios te lo conceder\u00e1\u00bb.<\/p>\n<p>Jes\u00fas le dijo:<br \/>\n\u00abTu hermano resucitar\u00e1\u00bb.<\/p>\n<p>Marta respondi\u00f3:<br \/>\n\u00abS\u00e9 que resucitar\u00e1 en la resurrecci\u00f3n en el \u00faltimo d\u00eda\u00bb.<\/p>\n<p>Jes\u00fas le dijo:<br \/>\n\u00abYo soy la resurrecci\u00f3n y la vida: el que cree en m\u00ed, aunque haya muerto, vivir\u00e1; y el que est\u00e1 vivo y cree en m\u00ed, no morir\u00e1 para siempre. \u00bfCrees esto?\u00bb.<\/p>\n<p>Ella le contest\u00f3:<br \/>\n\u00abS\u00ed, Se\u00f1or: yo creo que t\u00fa eres el Cristo, el Hijo de Dios, el que ten\u00eda que venir al mundo\u00bb.<\/p>\n<p>Jes\u00fas se conmovi\u00f3 en su esp\u00edritu, se estremeci\u00f3 y pregunt\u00f3:<br \/>\n\u00ab\u00bfD\u00f3nde lo hab\u00e9is enterrado?\u00bb.<\/p>\n<p>Le contestaron:<br \/>\n\u00abSe\u00f1or, ven a verlo\u00bb.<\/p>\n<p>Jes\u00fas se ech\u00f3 a llorar. Los jud\u00edos comentaban:<br \/>\n\u00ab\u00a1C\u00f3mo lo quer\u00eda!\u00bb.<\/p>\n<p>Pero algunos dijeron:<br \/>\n\u00abY uno que le ha abierto los ojos a un ciego, \u00bfno pod\u00eda haber impedido que este muriera?\u00bb.<\/p>\n<p>Jes\u00fas, conmovido de nuevo en su interior, lleg\u00f3 a la tumba. Era una cavidad cubierta con una losa. Dijo Jes\u00fas:<br \/>\n\u00abQuitad la losa\u00bb.<\/p>\n<p>Marta, la hermana del muerto, le dijo:<br \/>\n\u00abSe\u00f1or, ya huele mal porque lleva cuatro d\u00edas\u00bb.<\/p>\n<p>Jes\u00fas le replic\u00f3:<br \/>\n\u00ab\u00bfNo te he dicho que si crees ver\u00e1s la gloria de Dios?\u00bb<\/p>\n<p>Entonces quitaron la losa.<\/p>\n<p>Jes\u00fas, levantando los ojos a lo alto, dijo:<br \/>\n\u00abPadre, te doy gracias porque me has escuchado; yo s\u00e9 que t\u00fa me escuchas siempre; pero lo digo por la gente que me rodea, para que crean que t\u00fa me has enviado\u00bb.<\/p>\n<p>Y dicho esto, grit\u00f3 con voz potente:<br \/>\n\u00abL\u00e1zaro, sal afuera\u00bb.<\/p>\n<p>El muerto sali\u00f3, los pies y las manos atados con vendas, y la cara envuelta en un sudario. Jes\u00fas les dijo:<br \/>\n\u00abDesatadlo y dejadlo andar\u00bb.<\/p>\n<p>Y muchos jud\u00edos que hab\u00edan venido a casa de Mar\u00eda, al ver lo que hab\u00eda hecho Jes\u00fas, creyeron en \u00e9l.<\/p>\n","protected":false},"excerpt":{"rendered":"<p>Primera lectura Lectura de la profec\u00eda de Ezequiel 37, 12-14 &nbsp; Esto dice el Se\u00f1or Dios: \u00abYo mismo abrir\u00e9 vuestros sepulcros, y os sacar\u00e9 de ellos, pueblo m\u00edo, y os&#8230;<\/p>\n","protected":false},"author":4,"featured_media":41921,"comment_status":"open","ping_status":"open","sticky":false,"template":"","format":"standard","meta":{"_acf_changed":false,"give_campaign_id":0,"footnotes":""},"categories":[69],"tags":[],"class_list":["post-41920","post","type-post","status-publish","format-standard","has-post-thumbnail","hentry","category-evangeliodiario"],"acf":[],"_links":{"self":[{"href":"https:\/\/iglesiadelourdes.com\/index.php\/wp-json\/wp\/v2\/posts\/41920","targetHints":{"allow":["GET"]}}],"collection":[{"href":"https:\/\/iglesiadelourdes.com\/index.php\/wp-json\/wp\/v2\/posts"}],"about":[{"href":"https:\/\/iglesiadelourdes.com\/index.php\/wp-json\/wp\/v2\/types\/post"}],"author":[{"embeddable":true,"href":"https:\/\/iglesiadelourdes.com\/index.php\/wp-json\/wp\/v2\/users\/4"}],"replies":[{"embeddable":true,"href":"https:\/\/iglesiadelourdes.com\/index.php\/wp-json\/wp\/v2\/comments?post=41920"}],"version-history":[{"count":1,"href":"https:\/\/iglesiadelourdes.com\/index.php\/wp-json\/wp\/v2\/posts\/41920\/revisions"}],"predecessor-version":[{"id":41922,"href":"https:\/\/iglesiadelourdes.com\/index.php\/wp-json\/wp\/v2\/posts\/41920\/revisions\/41922"}],"wp:featuredmedia":[{"embeddable":true,"href":"https:\/\/iglesiadelourdes.com\/index.php\/wp-json\/wp\/v2\/media\/41921"}],"wp:attachment":[{"href":"https:\/\/iglesiadelourdes.com\/index.php\/wp-json\/wp\/v2\/media?parent=41920"}],"wp:term":[{"taxonomy":"category","embeddable":true,"href":"https:\/\/iglesiadelourdes.com\/index.php\/wp-json\/wp\/v2\/categories?post=41920"},{"taxonomy":"post_tag","embeddable":true,"href":"https:\/\/iglesiadelourdes.com\/index.php\/wp-json\/wp\/v2\/tags?post=41920"}],"curies":[{"name":"wp","href":"https:\/\/api.w.org\/{rel}","templated":true}]}}