{"id":41882,"date":"2026-03-10T12:57:45","date_gmt":"2026-03-10T12:57:45","guid":{"rendered":"https:\/\/iglesiadelourdes.com\/?p=41882"},"modified":"2026-03-10T12:57:45","modified_gmt":"2026-03-10T12:57:45","slug":"11-de-marzo-del-2026","status":"publish","type":"post","link":"https:\/\/iglesiadelourdes.com\/index.php\/2026\/03\/10\/11-de-marzo-del-2026\/","title":{"rendered":"11 de marzo del 2026"},"content":{"rendered":"<h2>Primera lectura<\/h2>\n<h3>Lectura del libro del Deuteronomio 4, 1. 5-9<\/h3>\n<p>&nbsp;<\/p>\n<p>Mois\u00e9s habl\u00f3 al pueblo, diciendo:<br \/>\n\u00abAhora, Israel, escucha los mandatos y decretos que yo os ense\u00f1o para que, cumpli\u00e9ndolos, viv\u00e1is y entr\u00e9is a tomar posesi\u00f3n de la tierra que el Se\u00f1or, Dios de vuestros padres, os va a dar.<\/p>\n<p>Mirad: yo os ense\u00f1o los mandatos y decretos, como me mand\u00f3 el Se\u00f1or, mi Dios, para que los cumpl\u00e1is en la tierra donde vais a entrar para tomar posesi\u00f3n de ella.<\/p>\n<p>Observadlos y cumplidlos, pues esa es vuestra sabidur\u00eda y vuestra inteligencia a los ojos de los pueblos, los cuales, cuando tengan noticia de todos estos mandatos, dir\u00e1n:<br \/>\n\u201cCiertamente es un pueblo sabio e inteligente esta gran naci\u00f3n\u201d.<\/p>\n<p>Porque \u00bfd\u00f3nde hay una naci\u00f3n tan grande que tenga unos dioses tan cercanos como el Se\u00f1or, nuestro Dios, siempre que lo invocamos?<\/p>\n<p>Y \u00bfd\u00f3nde hay otra naci\u00f3n tan grande que tenga unos mandatos y decretos tan justos como toda esta ley que yo os propongo hoy?<\/p>\n<p>Pero, ten cuidado y gu\u00e1rdate bien de olvidar las cosas que han visto tus ojos y que no se aparten de tu coraz\u00f3n mientras vivas; cu\u00e9ntaselas a tus hijos y a tus nietos\u00bb.<\/p>\n<p>&nbsp;<\/p>\n<h2>Salmo de hoy<\/h2>\n<h3>Salmo 147, 12-13. 15-16. 19-20 R\/. Glorifica al Se\u00f1or, Jerusal\u00e9n<\/h3>\n<p>&nbsp;<\/p>\n<p>Glorifica al Se\u00f1or, Jerusal\u00e9n;<br \/>\nalaba a tu Dios, Si\u00f3n.<br \/>\nQue ha reforzado los cerrojos de tus puertas,<br \/>\ny ha bendecido a tus hijos dentro de ti. R\/.<\/p>\n<p>\u00c9l env\u00eda su mensaje a la tierra,<br \/>\ny su palabra corre veloz;<br \/>\nmanda la nieve como lana,<br \/>\nesparce la escarcha como ceniza. R\/.<\/p>\n<p>Anuncia su palabra a Jacob,<br \/>\nsus decretos y mandatos a Israel;<br \/>\ncon ninguna naci\u00f3n obr\u00f3 as\u00ed,<br \/>\nni les dio a conocer sus mandatos. R\/.<\/p>\n<p>&nbsp;<\/p>\n<h2>Evangelio del d\u00eda<\/h2>\n<h3>Lectura del santo evangelio seg\u00fan san Mateo 5, 17-19<\/h3>\n<p>&nbsp;<\/p>\n<p>En aquel tiempo, dijo Jes\u00fas a sus disc\u00edpulos:<br \/>\n\u00abNo cre\u00e1is que he venido a abolir la Ley y los Profetas: no he venido a abolir, sino a dar plenitud.<\/p>\n<p>En verdad os digo que antes pasar\u00e1n el cielo y la tierra que deje de cumplirse hasta la \u00faltima letra o tilde de la ley.<\/p>\n<p>El que se salte uno solo de los preceptos menos importantes y se lo ense\u00f1e as\u00ed a los hombres ser\u00e1 el menos importante en el reino de los cielos.<\/p>\n<p>Pero quien los cumpla y ense\u00f1e ser\u00e1 grande en el reino de los cielos\u00bb.<\/p>\n<h3 data-start=\"27\" data-end=\"36\">Reflexi\u00f3n<\/h3>\n<p data-start=\"38\" data-end=\"528\">En el pasaje del Evangelio seg\u00fan san Mateo 5, 17-19, Jes\u00fas aclara algo que a veces se entiende mal: \u00c9l no vino a borrar la Ley ni a jugar de rebelde espiritual. Vino a llevarla a su plenitud. Es decir, a mostrar su sentido verdadero, no a dejarla en pura letra ni a convertirla en adorno religioso. El Catecismo explica justamente que Jes\u00fas no aboli\u00f3 la Ley, sino que la cumpli\u00f3 d\u00e1ndole su interpretaci\u00f3n definitiva y llev\u00e1ndola hasta su hondura plena.<\/p>\n<p data-start=\"530\" data-end=\"898\">Aqu\u00ed hay una advertencia muy actual. Hay personas que creen que seguir a Cristo es vivir sin exigencia, como si la fe fuera una excusa para aflojar todo. Otras hacen lo contrario: convierten la religi\u00f3n en una lista seca de normas, pero sin alma. Jes\u00fas no se va por ninguno de esos dos caminos. No vac\u00eda la ley, pero tampoco la deja en formalismo. La lleva al coraz\u00f3n.<\/p>\n<p data-start=\"900\" data-end=\"1300\">Por eso cuando habla de la tilde y de la letra m\u00e1s peque\u00f1a, no est\u00e1 promoviendo obsesi\u00f3n enfermiza por el detalle. Est\u00e1 diciendo que la voluntad de Dios no se manipula al gusto del consumidor. No se recorta para que calce con la comodidad del momento. Y ah\u00ed nos toca una llaga bastante actual: mucha gente quiere un Evangelio inspirador, pero sin peso moral; una fe que consuele, pero que no corrija.<\/p>\n<p data-start=\"1302\" data-end=\"1533\">San Juan Pablo II lo expres\u00f3 con claridad al decir que Cristo es la clave de la Escritura y que en \u00c9l la Ley alcanza su plenitud. No se elimina; se comprende de verdad en su cumplimiento pleno.<\/p>\n<p data-start=\"1535\" data-end=\"1742\">Entonces, el punto no es preguntar si \u201ctodav\u00eda hay mandamientos\u201d como quien busca zafarse. El punto es otro: \u00bfusted est\u00e1 viviendo una fe con contenido real, o una versi\u00f3n recortada para no cambiar demasiado?<\/p>\n<p data-start=\"1744\" data-end=\"1779\">Que Dios les bendiga y les proteja.<\/p>\n","protected":false},"excerpt":{"rendered":"<p>Primera lectura Lectura del libro del Deuteronomio 4, 1. 5-9 &nbsp; Mois\u00e9s habl\u00f3 al pueblo, diciendo: \u00abAhora, Israel, escucha los mandatos y decretos que yo os ense\u00f1o para que, cumpli\u00e9ndolos,&#8230;<\/p>\n","protected":false},"author":4,"featured_media":41883,"comment_status":"open","ping_status":"open","sticky":false,"template":"","format":"standard","meta":{"_acf_changed":false,"give_campaign_id":0,"footnotes":""},"categories":[69],"tags":[],"class_list":["post-41882","post","type-post","status-publish","format-standard","has-post-thumbnail","hentry","category-evangeliodiario"],"acf":[],"_links":{"self":[{"href":"https:\/\/iglesiadelourdes.com\/index.php\/wp-json\/wp\/v2\/posts\/41882","targetHints":{"allow":["GET"]}}],"collection":[{"href":"https:\/\/iglesiadelourdes.com\/index.php\/wp-json\/wp\/v2\/posts"}],"about":[{"href":"https:\/\/iglesiadelourdes.com\/index.php\/wp-json\/wp\/v2\/types\/post"}],"author":[{"embeddable":true,"href":"https:\/\/iglesiadelourdes.com\/index.php\/wp-json\/wp\/v2\/users\/4"}],"replies":[{"embeddable":true,"href":"https:\/\/iglesiadelourdes.com\/index.php\/wp-json\/wp\/v2\/comments?post=41882"}],"version-history":[{"count":1,"href":"https:\/\/iglesiadelourdes.com\/index.php\/wp-json\/wp\/v2\/posts\/41882\/revisions"}],"predecessor-version":[{"id":41884,"href":"https:\/\/iglesiadelourdes.com\/index.php\/wp-json\/wp\/v2\/posts\/41882\/revisions\/41884"}],"wp:featuredmedia":[{"embeddable":true,"href":"https:\/\/iglesiadelourdes.com\/index.php\/wp-json\/wp\/v2\/media\/41883"}],"wp:attachment":[{"href":"https:\/\/iglesiadelourdes.com\/index.php\/wp-json\/wp\/v2\/media?parent=41882"}],"wp:term":[{"taxonomy":"category","embeddable":true,"href":"https:\/\/iglesiadelourdes.com\/index.php\/wp-json\/wp\/v2\/categories?post=41882"},{"taxonomy":"post_tag","embeddable":true,"href":"https:\/\/iglesiadelourdes.com\/index.php\/wp-json\/wp\/v2\/tags?post=41882"}],"curies":[{"name":"wp","href":"https:\/\/api.w.org\/{rel}","templated":true}]}}