{"id":41867,"date":"2026-03-09T11:48:26","date_gmt":"2026-03-09T11:48:26","guid":{"rendered":"https:\/\/iglesiadelourdes.com\/?p=41867"},"modified":"2026-03-09T11:52:34","modified_gmt":"2026-03-09T11:52:34","slug":"7-de-marzo-del-2026","status":"publish","type":"post","link":"https:\/\/iglesiadelourdes.com\/index.php\/2026\/03\/09\/7-de-marzo-del-2026\/","title":{"rendered":"7 de marzo del 2026"},"content":{"rendered":"<h2>Primera lectura<\/h2>\n<h3>Lectura de la profec\u00eda de Miqueas 7, 14-15. 18-20<\/h3>\n<p>&nbsp;<\/p>\n<p>Pastorea a tu pueblo, Se\u00f1or, con tu cayado, al reba\u00f1o de tu heredad, que anda solo en la espesura, en medio del bosque; que se apaciente como antes en Bas\u00e1n y Galaad.<\/p>\n<p>Como cuando saliste de Egipto, les har\u00e9 ver prodigios.<\/p>\n<p>\u00bfQu\u00e9 Dios hay como t\u00fa, capaz de perdonar el pecado, de pasar por alto la falta del resto de tu heredad?<\/p>\n<p>No conserva para siempre su c\u00f3lera, pues le gusta la misericordia.<\/p>\n<p>Volver\u00e1 a compadecerse de nosotros, destrozar\u00e1 nuestras culpas, arrojar\u00e1 nuestros pecados a lo hondo del mar.<\/p>\n<p>Conceder\u00e1s a Jacob tu fidelidad y a Abrah\u00e1n tu bondad, como anta\u00f1o prometiste a nuestros padres.<\/p>\n<p>&nbsp;<\/p>\n<h2>Salmo de hoy<\/h2>\n<h3>Salmo 102, 1-2. 3-4. 9-10. 11-12 R\/. El Se\u00f1or es compasivo y misericordioso<\/h3>\n<p>&nbsp;<\/p>\n<p>Bendice, alma m\u00eda, al Se\u00f1or,<br \/>\ny todo mi ser a su santo nombre.<br \/>\nBendice, alma m\u00eda, al Se\u00f1or,<br \/>\ny no olvides sus beneficios. R\/.<\/p>\n<p>\u00c9l perdona todas tus culpas<br \/>\ny cura todas tus enfermedades;<br \/>\n\u00e9l rescata tu vida de la fosa,<br \/>\ny te colma de gracia y de ternura. R\/.<\/p>\n<p>No est\u00e1 siempre acusando<br \/>\nni guarda rencor perpetuo;<br \/>\nno nos trata como merecen nuestros pecados<br \/>\nni nos paga seg\u00fan nuestras culpas. R\/.<\/p>\n<p>Como se levanta el cielo sobre la tierra,<br \/>\nse levanta su bondad sobre los que lo temen;<br \/>\ncomo dista el oriente del ocaso,<br \/>\nas\u00ed aleja de nosotros nuestros delitos. R\/.<\/p>\n<p>&nbsp;<\/p>\n<h2>Evangelio del d\u00eda<\/h2>\n<h3>Lectura del santo evangelio seg\u00fan san Lucas 15, 1-3. 11-32<\/h3>\n<p>&nbsp;<\/p>\n<p>En aquel tiempo, se acercaron a Jes\u00fas todos los publicanos y los pecadores a escucharlo. Y los fariseos y los escribas murmuraban diciendo:<br \/>\n\u00abEse acoge a los pecadores y come con ellos\u00bb.<\/p>\n<p>Jes\u00fas les dijo esta par\u00e1bola:<br \/>\n\u00abUn hombre ten\u00eda dos hijos; el menor de ellos dijo a su padre: \u201cPadre, dame la parte que me toca de la fortuna\u201d.<\/p>\n<p>El padre les reparti\u00f3 los bienes.<\/p>\n<p>No muchos d\u00edas despu\u00e9s, el hijo menor, juntando todo lo suyo, se march\u00f3 a un pa\u00eds lejano, y all\u00ed derroch\u00f3 su fortuna viviendo perdidamente.<\/p>\n<p>Cuando lo hab\u00eda gastado todo, vino por aquella tierra un hambre terrible, y empez\u00f3 \u00e9l a pasar necesidad.<\/p>\n<p>Fue entonces y se contrat\u00f3 con uno de los ciudadanos de aquel pa\u00eds que lo mand\u00f3 a sus campos a apacentar cerdos. Deseaba saciarse de las algarrobas que com\u00edan \u00a1os cerdos, pero nadie le daba nada.<\/p>\n<p>Recapacitando entonces, se dijo:<br \/>\n\u201cCu\u00e1ntos jornaleros de mi padre tienen abundancia de pan, mientras yo aqu\u00ed me muero de hambre. Me levantar\u00e9, me pondr\u00e9 en camino adonde est\u00e1 mi padre, y le dir\u00e9: Padre, he pecado contra el cielo y contra ti; ya no merezco llamarme hijo tuyo: tr\u00e1tame como a uno de tus jornaleros\u201d.<\/p>\n<p>Se levant\u00f3 y vino adonde estaba su padre; cuando todav\u00eda estaba lejos, su padre lo vio y se le conmovieron las entra\u00f1as; y, echando a correr, se le ech\u00f3 al cuello y lo cubri\u00f3 de besos.<\/p>\n<p>Su hijo le dijo:<br \/>\n\u201cPadre, he pecado contra el cielo y contra ti; ya no merezco llamarme hijo tuyo\u201d.<\/p>\n<p>Pero el padre dijo a sus criados:<br \/>\n\u201cSacad enseguida la mejor t\u00fanica y vest\u00eddsela; ponedle un anillo en la mano y sandalias en los pies; traed el ternero cebado y sacrificadlo; comamos y celebremos un banquete, porque este hijo m\u00edo estaba muerto y ha revivido; estaba perdido y lo hemos encontrado\u201d.<\/p>\n<p>Y empezaron a celebrar el banquete.<\/p>\n<p>Su hijo mayor estaba en el campo. Cuando al volver se acercaba a la casa, oy\u00f3 la m\u00fasica y la danza, y llamando a uno de los criados, le pregunt\u00f3 qu\u00e9 era aquello.<\/p>\n<p>Este le contest\u00f3:<br \/>\n\u201cHa vuelto tu hermano; y tu padre ha sacrificado el ternero cebado, porque lo ha recobrado con salud\u201d.<\/p>\n<p>\u00c9l se indign\u00f3 y no quer\u00eda entrar, pero su padre sali\u00f3 e intentaba persuadirlo.<\/p>\n<p>Entonces \u00e9l respondi\u00f3 a su padre:<br \/>\n\u201cMira: en tantos a\u00f1os como te sirvo, sin desobedecer nunca una orden tuya, a m\u00ed nunca me has dado un cabrito para tener un banquete con mis amigos; en cambio, cuando ha venido ese hijo tuyo que se ha comido tus bienes con malas mujeres, le matas el ternero cebado\u201d.<\/p>\n<p>El padre le dijo:<br \/>\n\u201cHijo, t\u00fa est\u00e1s siempre conmigo, y todo lo m\u00edo es tuyo; pero era preciso celebrar un banquete y alegrarse, porque este hermano tuyo estaba muerto y ha revivido; estaba perdido y lo hemos encontrado\u201d\u00bb.<\/p>\n<article class=\"text-token-text-primary w-full focus:outline-none [--shadow-height:45px] has-data-writing-block:pointer-events-none has-data-writing-block:-mt-(--shadow-height) has-data-writing-block:pt-(--shadow-height) [&amp;:has([data-writing-block])&gt;*]:pointer-events-auto scroll-mt-[calc(var(--header-height)+min(200px,max(70px,20svh)))]\" dir=\"auto\" tabindex=\"-1\" data-turn-id=\"c666ca68-1596-405a-ae14-ba9d6f22682b\" data-testid=\"conversation-turn-30\" data-scroll-anchor=\"false\" data-turn=\"assistant\">\n<div class=\"text-base my-auto mx-auto [--thread-content-margin:var(--thread-content-margin-xs,calc(var(--spacing)*4))] @w-sm\/main:[--thread-content-margin:var(--thread-content-margin-sm,calc(var(--spacing)*6))] @w-lg\/main:[--thread-content-margin:var(--thread-content-margin-lg,calc(var(--spacing)*16))] px-(--thread-content-margin)\">\n<div class=\"[--thread-content-max-width:40rem] @w-lg\/main:[--thread-content-max-width:48rem] mx-auto max-w-(--thread-content-max-width) flex-1 group\/turn-messages focus-visible:outline-hidden relative flex w-full min-w-0 flex-col agent-turn\" tabindex=\"-1\">\n<div class=\"flex max-w-full flex-col gap-4 grow\">\n<div class=\"min-h-8 text-message relative flex w-full flex-col items-end gap-2 text-start break-words whitespace-normal [.text-message+&amp;]:mt-1\" dir=\"auto\" data-message-author-role=\"assistant\" data-message-id=\"39c108a9-61db-4a39-adf2-838464dc9834\" data-message-model-slug=\"gpt-5-2-thinking\">\n<div class=\"flex w-full flex-col gap-1 empty:hidden\">\n<div class=\"markdown prose dark:prose-invert w-full wrap-break-word light markdown-new-styling\">\n<h3 data-start=\"27\" data-end=\"36\">Reflexi\u00f3n<\/h3>\n<p data-start=\"38\" data-end=\"374\">En el pasaje del Evangelio seg\u00fan san Lucas 15, 1-3. 11-32, el conflicto arranca con una frase venenosa: \u201cEse acoge a los publicanos y a los pecadores y come con ellos\u201d. No est\u00e1n discutiendo ideas. Est\u00e1n defendiendo un club. Les duele que Jes\u00fas rompa la barrera social que ellos levantaron para sentirse \u201climpios\u201d y, de paso, superiores.<\/p>\n<p data-start=\"376\" data-end=\"801\">Y aqu\u00ed conviene decirlo sin maquillaje: esa murmuraci\u00f3n sigue viva. Cambia de ropa, pero respira igual. Hoy tambi\u00e9n se divide a la gente en \u201clos buenos\u201d y \u201clos otros\u201d. Se etiqueta, se cancela, se exhibe al ca\u00eddo para entretenimiento moral. Hay quienes se alimentan del error ajeno porque as\u00ed no revisan el propio. En redes, en barrios, en familias, en ambientes religiosos: el que falla se convierte en chisme, no en persona.<\/p>\n<p data-start=\"803\" data-end=\"1213\">Entonces Jes\u00fas cuenta la historia de dos hijos y un padre. El menor pide su parte como quien declara independencia con desprecio: \u201cdeme lo m\u00edo\u201d. Es la cultura del \u201cme lo merezco\u201d llevada al extremo. Me interesa la herencia, no la relaci\u00f3n. Quiero beneficios, no v\u00ednculo. Y cuando esa l\u00f3gica manda, todo se vuelve consumo: se consume dinero, se consume placer, se consume gente\u2026 hasta que uno termina consumido.<\/p>\n<p data-start=\"1215\" data-end=\"1712\">La ca\u00edda del hijo no es solo econ\u00f3mica. Es identidad rota. Acaba cuidando cerdos, deseando comida ajena, sin nadie que le d\u00e9 nada. Ah\u00ed el texto no romantiza la miseria: muestra lo que pasa cuando la libertad se reduce a capricho. Y lo decisivo es que el muchacho \u201crecapacita\u201d. No se inventa un relato para quedar bien. Acepta la verdad: fall\u00e9. Me equivoqu\u00e9. Ya no exijo; regreso pidiendo un lugar m\u00ednimo. Eso es m\u00e1s raro de lo que parece, porque la \u00e9poca ama las excusas y odia la responsabilidad.<\/p>\n<p data-start=\"1714\" data-end=\"2116\">Y aparece el padre. No lo recibe con serm\u00f3n largo, lo recibe con movimiento: corre. Lo abraza. Lo vuelve a vestir. Le devuelve lo que el hijo hab\u00eda perdido por dentro: pertenencia. T\u00fanica, anillo, sandalias. Todo eso grita lo mismo: \u201custed no es un caso; es mi hijo\u201d. Esta es la parte teol\u00f3gica de fondo: Dios no perdona como quien firma un papel; restaura. No tapa el desastre; reconstruye la persona.<\/p>\n<p data-start=\"2118\" data-end=\"2578\">Pero el relato no termina en la fiesta. Ah\u00ed es donde muchos lo cortan, porque queda bonito. Jes\u00fas, en cambio, apunta a la llaga del otro hijo. El mayor regresa y no entra. Se indigna. Y cuando habla, se delata: \u201cen tantos a\u00f1os te sirvo\u2026 a m\u00ed nunca me has dado\u2026\u201d. \u00c9l no se ve\u00eda como hijo; se ve\u00eda como empleado con derechos acumulados. Su \u201cobediencia\u201d era una forma de control. En el fondo, su relaci\u00f3n con el padre era una contabilidad disfrazada de fidelidad.<\/p>\n<p data-start=\"2580\" data-end=\"2987\">Y eso es peligros\u00edsimo, porque uno puede estar \u201cdentro\u201d y vivir lejos. Puede cumplir, asistir, aparentar correcci\u00f3n, y aun as\u00ed tener el coraz\u00f3n seco. Ese hijo mayor representa a quien necesita que el otro sea castigado para sentirse validado. Es la moral del resentimiento: \u201csi a \u00e9l lo levantan, me quitan m\u00e9rito\u201d. Por eso no dice \u201cmi hermano\u201d; dice \u201cese hijo tuyo\u201d. Lo deshumaniza. Lo expulsa con palabras.<\/p>\n<p data-start=\"2989\" data-end=\"3273\">El padre sale tambi\u00e9n hacia \u00e9l. No lo humilla. Le recuerda algo clave: \u201ct\u00fa est\u00e1s siempre conmigo, y todo lo m\u00edo es tuyo\u201d. Traducido a hoy: usted no necesita competir por amor. No necesita ganar un lugar. Ya lo tiene. El problema es que la envidia lo dej\u00f3 fuera aunque estuviera cerca.<\/p>\n<p data-start=\"3275\" data-end=\"3607\">Y aqu\u00ed entra la actualidad con fuerza: vivimos con hambre de justicia, s\u00ed, pero muchas veces lo que pedimos no es justicia; es venganza. Queremos ver al otro pagando para sentir equilibrio. Nos cuesta celebrar la recuperaci\u00f3n ajena porque nos confronta: si Dios fue generoso con \u00e9l, entonces mi dureza queda expuesta. Y eso molesta.<\/p>\n<p data-start=\"3609\" data-end=\"4122\">El Catecismo usa esta misma par\u00e1bola para explicar el camino de conversi\u00f3n: el reconocimiento de la miseria, el retorno, y el abrazo del Padre como coraz\u00f3n del perd\u00f3n (Catecismo de la Iglesia Cat\u00f3lica, 1439). Y tambi\u00e9n recuerda una verdad que desarma el orgullo: la Buena Nueva comienza por reconocer que el ser humano necesita salvaci\u00f3n, no aplausos (Catecismo, 1846). Dicho en sencillo: nadie se salva a fuerza de \u201cportarse bien\u201d. Se salva quien se deja alcanzar por Dios y, desde ah\u00ed, aprende a vivir distinto.<\/p>\n<p data-start=\"4124\" data-end=\"4215\">Entonces, hoy hay dos preguntas que no son para \u201cla gente mala\u201d, sino para usted y para m\u00ed.<\/p>\n<p data-start=\"4217\" data-end=\"4333\">Primera: \u00bfen qu\u00e9 parte de su vida usted dijo \u201cdeme lo m\u00edo\u201d y se alej\u00f3 por dentro, aunque siguiera \u201ccerca\u201d por fuera?<\/p>\n<p data-start=\"4335\" data-end=\"4451\">Segunda: cuando alguien se levanta despu\u00e9s de caer, \u00bfusted se alegra\u2026 o se amarga porque no hubo castigo suficiente?<\/p>\n<p data-start=\"4453\" data-end=\"4572\">Porque esta historia no es un cuento para tranquilizar conciencias. Es un espejo. Y el que se atreve a mirarse, cambia.<\/p>\n<p data-start=\"4574\" data-end=\"4609\" data-is-last-node=\"\" data-is-only-node=\"\">Que Dios les bendiga y les proteja.<\/p>\n<\/div>\n<\/div>\n<\/div>\n<\/div>\n<\/div>\n<\/div>\n<\/article>\n<article class=\"text-token-text-primary w-full focus:outline-none [--shadow-height:45px] has-data-writing-block:pointer-events-none has-data-writing-block:-mt-(--shadow-height) has-data-writing-block:pt-(--shadow-height) [&amp;:has([data-writing-block])&gt;*]:pointer-events-auto scroll-mt-(--header-height)\" dir=\"auto\" tabindex=\"-1\" data-turn-id=\"0993659f-676a-4096-bb01-551950c47fa3\" data-testid=\"conversation-turn-31\" data-scroll-anchor=\"false\" data-turn=\"user\">\n<div class=\"text-base my-auto mx-auto pt-12 [--thread-content-margin:var(--thread-content-margin-xs,calc(var(--spacing)*4))] @w-sm\/main:[--thread-content-margin:var(--thread-content-margin-sm,calc(var(--spacing)*6))] @w-lg\/main:[--thread-content-margin:var(--thread-content-margin-lg,calc(var(--spacing)*16))] px-(--thread-content-margin)\">\n<div class=\"[--thread-content-max-width:40rem] @w-lg\/main:[--thread-content-max-width:48rem] mx-auto max-w-(--thread-content-max-width) flex-1 group\/turn-messages focus-visible:outline-hidden mb-10 relative flex w-full min-w-0 flex-col\" tabindex=\"-1\">\n<div class=\"flex max-w-full flex-col gap-4 grow\">\n<div class=\"min-h-8 text-message relative flex w-full flex-col items-end gap-2 text-start break-words whitespace-normal [.text-message+&amp;]:mt-1\" dir=\"auto\" data-message-author-role=\"user\" data-message-id=\"0993659f-676a-4096-bb01-551950c47fa3\">\n<div class=\"flex w-full flex-col gap-1 empty:hidden items-end rtl:items-start\">\n<div class=\"user-message-bubble-color corner-superellipse\/0.98 relative rounded-[22px] px-4 py-2.5 leading-6 max-w-(--user-chat-width,70%)\">\n<div class=\"whitespace-pre-wrap\"><\/div>\n<\/div>\n<\/div>\n<\/div>\n<\/div>\n<\/div>\n<\/div>\n<\/article>\n","protected":false},"excerpt":{"rendered":"<p>Primera lectura Lectura de la profec\u00eda de Miqueas 7, 14-15. 18-20 &nbsp; Pastorea a tu pueblo, Se\u00f1or, con tu cayado, al reba\u00f1o de tu heredad, que anda solo en la&#8230;<\/p>\n","protected":false},"author":4,"featured_media":41868,"comment_status":"open","ping_status":"open","sticky":false,"template":"","format":"standard","meta":{"_acf_changed":false,"give_campaign_id":0,"footnotes":""},"categories":[69],"tags":[],"class_list":["post-41867","post","type-post","status-publish","format-standard","has-post-thumbnail","hentry","category-evangeliodiario"],"acf":[],"_links":{"self":[{"href":"https:\/\/iglesiadelourdes.com\/index.php\/wp-json\/wp\/v2\/posts\/41867","targetHints":{"allow":["GET"]}}],"collection":[{"href":"https:\/\/iglesiadelourdes.com\/index.php\/wp-json\/wp\/v2\/posts"}],"about":[{"href":"https:\/\/iglesiadelourdes.com\/index.php\/wp-json\/wp\/v2\/types\/post"}],"author":[{"embeddable":true,"href":"https:\/\/iglesiadelourdes.com\/index.php\/wp-json\/wp\/v2\/users\/4"}],"replies":[{"embeddable":true,"href":"https:\/\/iglesiadelourdes.com\/index.php\/wp-json\/wp\/v2\/comments?post=41867"}],"version-history":[{"count":2,"href":"https:\/\/iglesiadelourdes.com\/index.php\/wp-json\/wp\/v2\/posts\/41867\/revisions"}],"predecessor-version":[{"id":41874,"href":"https:\/\/iglesiadelourdes.com\/index.php\/wp-json\/wp\/v2\/posts\/41867\/revisions\/41874"}],"wp:featuredmedia":[{"embeddable":true,"href":"https:\/\/iglesiadelourdes.com\/index.php\/wp-json\/wp\/v2\/media\/41868"}],"wp:attachment":[{"href":"https:\/\/iglesiadelourdes.com\/index.php\/wp-json\/wp\/v2\/media?parent=41867"}],"wp:term":[{"taxonomy":"category","embeddable":true,"href":"https:\/\/iglesiadelourdes.com\/index.php\/wp-json\/wp\/v2\/categories?post=41867"},{"taxonomy":"post_tag","embeddable":true,"href":"https:\/\/iglesiadelourdes.com\/index.php\/wp-json\/wp\/v2\/tags?post=41867"}],"curies":[{"name":"wp","href":"https:\/\/api.w.org\/{rel}","templated":true}]}}