{"id":41851,"date":"2026-03-09T11:33:31","date_gmt":"2026-03-09T11:33:31","guid":{"rendered":"https:\/\/iglesiadelourdes.com\/?p=41851"},"modified":"2026-03-09T11:33:31","modified_gmt":"2026-03-09T11:33:31","slug":"2-de-marzo-del-2026","status":"publish","type":"post","link":"https:\/\/iglesiadelourdes.com\/index.php\/2026\/03\/09\/2-de-marzo-del-2026\/","title":{"rendered":"2 de marzo del 2026"},"content":{"rendered":"<h2>Primera lectura<\/h2>\n<h3>Lectura de la profec\u00eda de Daniel 9, 4b-10<\/h3>\n<p>&nbsp;<\/p>\n<p>\u00a1Ay, mi Se\u00f1or, Dios grande y terrible, que guarda la alianza y es leal con los que lo aman y cumplen sus mandamientos!<\/p>\n<p>Hemos pecado, hemos cometido cr\u00edmenes y delitos, nos hemos rebelado apart\u00e1ndonos de tus mandatos y preceptos. No hicimos caso a tus siervos los profetas, que hablaban en tu nombre a nuestros reyes, a nuestros pr\u00edncipes, a nuestros padres y a todo el pueblo de la tierra.<\/p>\n<p>T\u00fa, mi Se\u00f1or, tienes raz\u00f3n y a nosotros nos abruma la verg\u00fcenza, tal como sucede hoy a los hombres de Jud\u00e1, a los habitantes de Jerusal\u00e9n y a todo Israel, a los de cerca y a los de lejos, en todos los pa\u00edses por donde los dispersaste a causa de los delitos que cometieron contra ti.<\/p>\n<p>Se\u00f1or, nos abruma la verg\u00fcenza: a nuestros reyes, pr\u00edncipes y padres, porque hemos pecado contra ti.<\/p>\n<p>Pero, mi Se\u00f1or, nuestro Dios, es compasivo y perdona, aunque nos hemos rebelado contra \u00e9l. No obedecimos la voz del Se\u00f1or, nuestro Dios, siguiendo las normas que nos daba por medio de sus siervos, los profetas.<\/p>\n<p>&nbsp;<\/p>\n<h2>Salmo de hoy<\/h2>\n<h3>Salmo 78, 8. 9. 11. 13 R\/. Se\u00f1or, no nos trates como merecen nuestros pecados<\/h3>\n<p>&nbsp;<\/p>\n<p>No recuerdes contra nosotros las culpas de nuestros padres;<br \/>\nque tu compasi\u00f3n nos alcance pronto,<br \/>\npues estamos agotados. R\/.<\/p>\n<p>Soc\u00f3rrenos, Dios, Salvador nuestro,<br \/>\npor el honor de tu nombre;<br \/>\nl\u00edbranos y perdona nuestros pecados<br \/>\na causa de tu nombre. R\/.<\/p>\n<p>Llegue a tu presencia el gemido del cautivo:<br \/>\ncon tu brazo poderoso, salva a los condenados a muerte. R\/.<\/p>\n<p>Nosotros, pueblo, ovejas de tu reba\u00f1o,<br \/>\nte daremos gracias siempre,<br \/>\ncantaremos tus alabanzas de generaci\u00f3n en generaci\u00f3n. R\/.<\/p>\n<p>&nbsp;<\/p>\n<h2>Evangelio del d\u00eda<\/h2>\n<h3>Lectura del santo evangelio seg\u00fan san Lucas 6, 36-38<\/h3>\n<p>&nbsp;<\/p>\n<p>En aquel tiempo, dijo Jes\u00fas a sus disc\u00edpulos:<\/p>\n<p>\u00abSed misericordiosos como vuestro Padre es misericordioso; no juzgu\u00e9is, y no ser\u00e9is juzgados; no conden\u00e9is, y no ser\u00e9is condenados; perdonad, y ser\u00e9is perdonados; dad, y se os dar\u00e1: os verter\u00e1n una medida generosa, colmada, remecida, rebosante, pues con la medida con que midiereis se os medir\u00e1 a vosotros\u00bb.<\/p>\n<h3 data-start=\"27\" data-end=\"36\">Reflexi\u00f3n<\/h3>\n<p data-start=\"38\" data-end=\"277\">En el pasaje del Evangelio seg\u00fan san Lucas 6, 36-38, Jes\u00fas lo resume en una palabra fuerte: misericordia. \u201cSean misericordiosos como el Padre\u201d. No dice: sean perfectos en todo. Dice: aprendan a tratar al otro como Dios los trata a ustedes.<\/p>\n<p data-start=\"279\" data-end=\"517\">Despu\u00e9s viene lo que m\u00e1s cuesta: no juzgar, no condenar, perdonar y dar. Porque juzgar es f\u00e1cil. Criticar es f\u00e1cil. Condenar desde lejos es facil\u00edsimo. Lo dif\u00edcil es ponerse en los zapatos del otro y reconocer que uno tambi\u00e9n se equivoca.<\/p>\n<p data-start=\"519\" data-end=\"754\">Jes\u00fas advierte algo que no es amenaza, es ley de vida: con la medida que usted use, se le medir\u00e1. Si usted es duro con todos, prep\u00e1rese para que la vida sea dura con usted. Si usted vive se\u00f1alando, tarde o temprano alguien lo se\u00f1alar\u00e1.<\/p>\n<p data-start=\"756\" data-end=\"991\">El Catecismo de la Iglesia indica en los numerales 2840-2845 que no podemos recibir el perd\u00f3n de Dios si no estamos dispuestos a perdonar de coraz\u00f3n a los dem\u00e1s. Dicho claro: no se puede pedir misericordia para uno y negarla al vecino.<\/p>\n<p data-start=\"993\" data-end=\"1243\">Jes\u00fas habla tambi\u00e9n de dar. Y no solo dinero. Dar tiempo, dar comprensi\u00f3n, dar paciencia, dar una segunda oportunidad. Cuando uno vive cerrado, termina solo. Cuando uno aprende a dar, recibe m\u00e1s de lo que esperaba, a veces de formas que no imaginaba.<\/p>\n<p data-start=\"1245\" data-end=\"1513\">Este Evangelio baja la fe al terreno real. No es cuesti\u00f3n de rezar mucho y luego despedazar al otro con la lengua. No es cuesti\u00f3n de hablar de Dios y guardar rencores eternos. Si usted quiere que Dios lo trate con compasi\u00f3n, empiece usted hoy por tratar as\u00ed a alguien.<\/p>\n<p data-start=\"1515\" data-end=\"1685\">La tarea es directa: revise c\u00f3mo est\u00e1 midiendo a los dem\u00e1s. \u00bfCon dureza? \u00bfCon desprecio? \u00bfCon superioridad? Cambie esa medida. Porque la que usted use, esa misma volver\u00e1.<\/p>\n<p data-start=\"1687\" data-end=\"1722\" data-is-last-node=\"\" data-is-only-node=\"\">Que Dios les bendiga y les proteja.<\/p>\n","protected":false},"excerpt":{"rendered":"<p>Primera lectura Lectura de la profec\u00eda de Daniel 9, 4b-10 &nbsp; \u00a1Ay, mi Se\u00f1or, Dios grande y terrible, que guarda la alianza y es leal con los que lo aman&#8230;<\/p>\n","protected":false},"author":4,"featured_media":41852,"comment_status":"open","ping_status":"open","sticky":false,"template":"","format":"standard","meta":{"_acf_changed":false,"give_campaign_id":0,"footnotes":""},"categories":[69],"tags":[],"class_list":["post-41851","post","type-post","status-publish","format-standard","has-post-thumbnail","hentry","category-evangeliodiario"],"acf":[],"_links":{"self":[{"href":"https:\/\/iglesiadelourdes.com\/index.php\/wp-json\/wp\/v2\/posts\/41851","targetHints":{"allow":["GET"]}}],"collection":[{"href":"https:\/\/iglesiadelourdes.com\/index.php\/wp-json\/wp\/v2\/posts"}],"about":[{"href":"https:\/\/iglesiadelourdes.com\/index.php\/wp-json\/wp\/v2\/types\/post"}],"author":[{"embeddable":true,"href":"https:\/\/iglesiadelourdes.com\/index.php\/wp-json\/wp\/v2\/users\/4"}],"replies":[{"embeddable":true,"href":"https:\/\/iglesiadelourdes.com\/index.php\/wp-json\/wp\/v2\/comments?post=41851"}],"version-history":[{"count":1,"href":"https:\/\/iglesiadelourdes.com\/index.php\/wp-json\/wp\/v2\/posts\/41851\/revisions"}],"predecessor-version":[{"id":41853,"href":"https:\/\/iglesiadelourdes.com\/index.php\/wp-json\/wp\/v2\/posts\/41851\/revisions\/41853"}],"wp:featuredmedia":[{"embeddable":true,"href":"https:\/\/iglesiadelourdes.com\/index.php\/wp-json\/wp\/v2\/media\/41852"}],"wp:attachment":[{"href":"https:\/\/iglesiadelourdes.com\/index.php\/wp-json\/wp\/v2\/media?parent=41851"}],"wp:term":[{"taxonomy":"category","embeddable":true,"href":"https:\/\/iglesiadelourdes.com\/index.php\/wp-json\/wp\/v2\/categories?post=41851"},{"taxonomy":"post_tag","embeddable":true,"href":"https:\/\/iglesiadelourdes.com\/index.php\/wp-json\/wp\/v2\/tags?post=41851"}],"curies":[{"name":"wp","href":"https:\/\/api.w.org\/{rel}","templated":true}]}}